{"id":2373,"date":"2022-07-18T10:18:51","date_gmt":"2022-07-18T08:18:51","guid":{"rendered":"https:\/\/sites.ffkarate.fr\/seinemaritime\/?p=2373"},"modified":"2022-07-18T10:31:30","modified_gmt":"2022-07-18T08:31:30","slug":"le-dispositif-passsport","status":"publish","type":"post","link":"https:\/\/sites.ffkarate.fr\/seinemaritime\/2022\/07\/18\/le-dispositif-passsport\/","title":{"rendered":"Le dispositif \u00ab Pass\u2019sport \u00bb"},"content":{"rendered":"<div class=\"wpb-content-wrapper\"><p>[vc_row][vc_column][vc_column_text]Le dispositif \u00ab\u00a0Pass\u2019sport\u00a0\u00bb , aide financi\u00e8re de 50 euros sur la prise d\u2019une licence sportive, revient pour la saison 2022\/2023.<\/p>\n<p>Par ailleurs le CDOS est disponible pour r\u00e9pondre \u00e0 leurs interrogations , ou bien si vous souhaitez cr\u00e9er un temps d\u2019informations collectif nous pouvons nous rendre disponible.<\/p>\n<p>&nbsp;<\/p>\n<p>Le dispositif Pass\u2019Sport 2022-2023 est en cours de lancement et sera d\u00e9ploy\u00e9 tout au long de l\u2019\u00e9t\u00e9. Comme l\u2019an pass\u00e9, le Pass\u2019Sport est une aide financi\u00e8re de 50 euros pour favoriser la pratique sportive en direction des jeunes et des personnes handicap\u00e9es.<\/p>\n<p>Vous trouverez dans l\u2019infographie ci-dessous, les principales conditions d\u2019\u00e9ligibilit\u00e9 pour les b\u00e9n\u00e9ficiaires et les modalit\u00e9s de remboursement pour votre association.<\/p>\n<p>En 2021, en Normandie, gr\u00e2ce \u00e0 l\u2019engagement de 2700 associations, plus de 60 000 jeunes ont b\u00e9n\u00e9fici\u00e9 du Pass\u2019Sport, favorisant le retour des licenci\u00e9s dans les clubs malgr\u00e9 la crise sanitaire.<\/p>\n<p>Pour 2022, l\u2019ambition est de doubler le nombre de b\u00e9n\u00e9ficiaires. Nous esp\u00e9rons que la simplification du dispositif permettra une implication encore plus forte de votre association aupr\u00e8s des familles b\u00e9n\u00e9ficiaires.<\/p>\n<p>Vous trouverez en pi\u00e8ces jointes les Flyers destin\u00e9s aux structures et aux familles.<\/p>\n<p>Un dispositif simplifi\u00e9 :<\/p>\n<p>Tenant compte des retours d\u2019exp\u00e9riences des diff\u00e9rents acteurs impliqu\u00e9s dans la premi\u00e8re \u00e9dition, le processus a \u00e9t\u00e9 simplifi\u00e9 sur trois volets majeurs pour la saison 2022-2023 :<br \/>\n\u2022 Une simplification pour le b\u00e9n\u00e9ficiaire gr\u00e2ce \u00e0 l\u2019attribution d\u2019un code Pass\u2019Sport unique \u00e0 remettre au club d\u00e8s l\u2019inscription.<br \/>\n\u2022 Une simplification pour la structure sportive qui, pour se faire rembourser, saisira le code unique du jeune, en lieu et place du formulaire \u00e0 9 champs ;<br \/>\n\u2022 Une simplification du parcours de gestion gr\u00e2ce \u00e0 la mise en place d\u2019un dispositif de remboursement acc\u00e9l\u00e9r\u00e9 via l\u2019Agence de Services et de Paiement, payeur unique, et \u00e0 une interface d\u00e9di\u00e9e (LCA \u2013 Le Compte Asso) permettant aux structures de suivre les remboursements.<\/p>\n<p>Fin ao\u00fbt, un nouveau portail\u00a0internet \u201cPass\u2019Sport\u201d<strong>\u00a0<\/strong>sera mis en service pour r\u00e9pondre aux questions des b\u00e9n\u00e9ficiaires et des associations partenaires. Ce site Pass\u2019Sport regroupera toutes les informations cl\u00e9s du dispositif et une cartographie des clubs partenaires.<\/p>\n<p>Si votre club n\u2019est pas encore partenaire du dispositif Pass\u2019Sport, n\u2019h\u00e9sitez pas \u00e0 nous solliciter (le CDOS ou la DRAJES) pour vous accompagner dans vos d\u00e9marches.<\/p>\n<p>Infographie Pass\u2019Sport 2022 :<\/p>\n<p>&nbsp;<\/p>\n<p><a href=\"https:\/\/sports-sgsocialgouv.opendatasoft.com\/pages\/pass-sports\/\" target=\"_blank\" rel=\"noopener\"><img decoding=\"async\" class=\"alignnone wp-image-6328 size-medium\" src=\"https:\/\/sites.ffkarate.fr\/normandie\/wp-content\/uploads\/sites\/117\/2022\/07\/Capture-300x91.png\" alt=\"\" width=\"300\" height=\"91\" \/><\/a><\/p>\n<p>&nbsp;<\/p>\n<p><a href=\"https:\/\/photos.app.goo.gl\/gA6yDz9tAtUuq4x89\" target=\"_blank\" rel=\"noopener\"><img decoding=\"async\" class=\"alignnone wp-image-5662 size-medium\" src=\"https:\/\/sites.ffkarate.fr\/normandie\/wp-content\/uploads\/sites\/117\/2022\/01\/360_F_54707192_fKlZgmAilwYXjwIyatnpp8v6yWQtpjGK-300x300.jpg\" alt=\"\" width=\"300\" height=\"300\" \/><\/a><\/p>\n<p>Si votre structure est cartographi\u00e9e, vous pouvez d\u2019ors et d\u00e9j\u00e0 communiquer aupr\u00e8s de vos adh\u00e9rents sur le dispositif. Vous trouverez en PJ les Flyers de pr\u00e9sentation et en cliquant\u00a0<a href=\"https:\/\/www.sports.gouv.fr\/pratiques-sportives\/sports-pour-tous\/pass-sport\/article\/le-pass-sport\" target=\"_blank\" rel=\"noopener\" data-saferedirecturl=\"https:\/\/www.google.com\/url?q=https:\/\/www.sports.gouv.fr\/pratiques-sportives\/sports-pour-tous\/pass-sport\/article\/le-pass-sport&amp;source=gmail&amp;ust=1658215693458000&amp;usg=AOvVaw2hRphSPi2A2Atl5i7KTZZc\">ICI<\/a>\u00a0vous aurez acc\u00e8s \u00e0 tous les supports de communication.<\/p>\n<p>D\u00e8s septembre les comit\u00e9s d\u00e9partementaux Olympiques et Sportifs(CDOS)\u00a0et les services d\u00e9partementaux Jeunesse Engagements et Sports (SDJES) organisent des webinaires d\u2019informations sur le Pass\u2019Sport \u00e0 destination des clubs sportifs :<\/p>\n<ul>\n<li>Lundi 5 ou mardi 6 septembre 2022 de\u00a018h\u00a0\u00e0\u00a019h15\u00a0\u2013\u00a0CDOS\u00a0de la Seine-Maritime \u2013 02 35\u00a073\u00a028 88\u00a0<a href=\"mailto:seinemaritime@franceolympique.com\" target=\"_blank\" rel=\"noopener\">seinemaritime@franceolympique.com<\/a><\/li>\n<li>Mardi 6 septembre 2022 de\u00a014h30 \u00e0\u00a015h45\u00a0\u2013 CDOS du Calvados \u2013 02 31 85 46 15\u00a0<a href=\"mailto:calvados@franceolympique.com\" target=\"_blank\" rel=\"noopener\">calvados@franceolympique.com<\/a>\u00a0Formulaire d\u2019inscription\u00a0 :\u00a0<a href=\"https:\/\/forms.office.com\/r\/c0GVHsgcfZ\" target=\"_blank\" rel=\"noopener\" data-saferedirecturl=\"https:\/\/www.google.com\/url?q=https:\/\/forms.office.com\/r\/c0GVHsgcfZ&amp;source=gmail&amp;ust=1658215693458000&amp;usg=AOvVaw0QFMpfPj-ONgBZclfVa0Ok\">https:\/\/forms.office.com\/r\/c0GVHsgcfZ<\/a><\/li>\n<li>Mercredi 8 septembre 2022\u00a0 de18h\u00a0\u00e0\u00a019h15\u00a0\u2013 CDOS de la Manche \u2013 02 33 57 67 97\u00a0<a href=\"mailto:manche@franceolympique.com\" target=\"_blank\" rel=\"noopener\">manche@franceolympique.com<\/a><\/li>\n<li>Mardi 13\u00a0septembre 2022\u00a0de 18h \u00e0 19h15\u00a0\u2013 CDOS de l\u2019Eure \u2013 02 32\u00a025\u00a095\u00a056\u00a0<a href=\"mailto:eure@franceolympique.com\" target=\"_blank\" rel=\"noopener\">eure@franceolympique.com<\/a><\/li>\n<li>Lundi 19\u00a0septembre 2022\u00a0de 18h \u00e0\u00a019h15\u00a0\u2013\u00a0CDOS\u00a0du Calvados \u2013 02 31 85 46 15\u00a0<a href=\"mailto:calvados@franceolympique.com\" target=\"_blank\" rel=\"noopener\">calvados@franceolympique.com<\/a><\/li>\n<li>Mardi 20 ou mercredi 21\u00a0septembre 2022 de\u00a018h\u00a0\u00e0\u00a019h15\u00a0\u2013\u00a0CDOS\u00a0de la Seine-Maritime \u2013 02 35\u00a073\u00a028 88\u00a0\u00a0seinemaritime@<a href=\"http:\/\/franceolympique.com\/\" target=\"_blank\" rel=\"noopener\" data-saferedirecturl=\"https:\/\/www.google.com\/url?q=http:\/\/franceolympique.com&amp;source=gmail&amp;ust=1658215693458000&amp;usg=AOvVaw3MsahdJKeiD6R3QvrWK3lB\">franceolympique.com<\/a><\/li>\n<\/ul>\n<p>Les dates et les liens de connexion ou d\u2019inscription au webinaires de septembre seront disposible\u00a0<a href=\"https:\/\/www.ac-normandie.fr\/actualites\/le-pass-sport-prolonge-jusqu-au-28-fevrier-et-elargi-aux-beneficiaires-de-l-aah-de-16-a-30-ans-124031\" target=\"_blank\" rel=\"noopener\" data-saferedirecturl=\"https:\/\/www.google.com\/url?q=https:\/\/www.ac-normandie.fr\/actualites\/le-pass-sport-prolonge-jusqu-au-28-fevrier-et-elargi-aux-beneficiaires-de-l-aah-de-16-a-30-ans-124031&amp;source=gmail&amp;ust=1658215693458000&amp;usg=AOvVaw2tgvltl67QeIkKvGAqq0a9\">ICI<\/a>.<\/p>\n<p><img decoding=\"async\" class=\"alignnone wp-image-6280 size-full\" src=\"https:\/\/sites.ffkarate.fr\/normandie\/wp-content\/uploads\/sites\/117\/2022\/07\/Capture-1.jpg\" alt=\"\" width=\"950\" height=\"507\" \/>[\/vc_column_text][\/vc_column][\/vc_row]<\/p>\n<\/div>","protected":false},"excerpt":{"rendered":"<p>[vc_row][vc_column][vc_column_text]Le dispositif \u00ab\u00a0Pass\u2019sport\u00a0\u00bb , aide financi\u00e8re de 50 euros sur la prise d\u2019une licence sportive, revient pour la saison 2022\/2023. Par ailleurs le CDOS est disponible pour r\u00e9pondre \u00e0 leurs interrogations , ou bien si vous souhaitez cr\u00e9er un temps d\u2019informations collectif nous pouvons nous rendre disponible. &nbsp; Le dispositif Pass\u2019Sport 2022-2023 est en cours [&hellip;]<\/p>\n","protected":false},"author":57,"featured_media":531,"comment_status":"closed","ping_status":"closed","sticky":false,"template":"","format":"standard","meta":{"footnotes":""},"categories":[1],"tags":[],"class_list":["post-2373","post","type-post","status-publish","format-standard","hentry","category-non-classe"],"_links":{"self":[{"href":"https:\/\/sites.ffkarate.fr\/seinemaritime\/wp-json\/wp\/v2\/posts\/2373","targetHints":{"allow":["GET"]}}],"collection":[{"href":"https:\/\/sites.ffkarate.fr\/seinemaritime\/wp-json\/wp\/v2\/posts"}],"about":[{"href":"https:\/\/sites.ffkarate.fr\/seinemaritime\/wp-json\/wp\/v2\/types\/post"}],"author":[{"embeddable":true,"href":"https:\/\/sites.ffkarate.fr\/seinemaritime\/wp-json\/wp\/v2\/users\/57"}],"replies":[{"embeddable":true,"href":"https:\/\/sites.ffkarate.fr\/seinemaritime\/wp-json\/wp\/v2\/comments?post=2373"}],"version-history":[{"count":7,"href":"https:\/\/sites.ffkarate.fr\/seinemaritime\/wp-json\/wp\/v2\/posts\/2373\/revisions"}],"predecessor-version":[{"id":2380,"href":"https:\/\/sites.ffkarate.fr\/seinemaritime\/wp-json\/wp\/v2\/posts\/2373\/revisions\/2380"}],"wp:featuredmedia":[{"embeddable":true,"href":"https:\/\/sites.ffkarate.fr\/seinemaritime\/wp-json\/wp\/v2\/media\/531"}],"wp:attachment":[{"href":"https:\/\/sites.ffkarate.fr\/seinemaritime\/wp-json\/wp\/v2\/media?parent=2373"}],"wp:term":[{"taxonomy":"category","embeddable":true,"href":"https:\/\/sites.ffkarate.fr\/seinemaritime\/wp-json\/wp\/v2\/categories?post=2373"},{"taxonomy":"post_tag","embeddable":true,"href":"https:\/\/sites.ffkarate.fr\/seinemaritime\/wp-json\/wp\/v2\/tags?post=2373"}],"curies":[{"name":"wp","href":"https:\/\/api.w.org\/{rel}","templated":true}]}}