{"id":2420,"date":"2022-09-11T10:20:36","date_gmt":"2022-09-11T08:20:36","guid":{"rendered":"https:\/\/sites.ffkarate.fr\/seinemaritime\/?p=2420"},"modified":"2022-09-11T10:54:08","modified_gmt":"2022-09-11T08:54:08","slug":"colloque-montpellier","status":"publish","type":"post","link":"https:\/\/sites.ffkarate.fr\/seinemaritime\/2022\/09\/11\/colloque-montpellier\/","title":{"rendered":"Colloque Montpellier"},"content":{"rendered":"<div class=\"wpb-content-wrapper\"><p>[vc_row][vc_column][vc_column_text]Les pr\u00e9sidents de Ligue et des comit\u00e9s d\u00e9partementaux entament la 2\u00e8me journ\u00e9e du colloque \u00e0 Montpellier. Ils ne manqueront pas de revenir vers vous pour vous faire part des derni\u00e8res orientations f\u00e9d\u00e9rales. Bonne rentr\u00e9e \u00e0 toutes et \u00e0 tous<\/p>\n<p>&nbsp;<\/p>\n<p><img decoding=\"async\" class=\"alignnone wp-image-2419 size-full\" src=\"https:\/\/sites.ffkarate.fr\/seinemaritime\/wp-content\/uploads\/sites\/91\/2022\/09\/305583349_426789526101373_6439249409817469247_n.jpg\" alt=\"\" width=\"1199\" height=\"540\" srcset=\"https:\/\/sites.ffkarate.fr\/seinemaritime\/wp-content\/uploads\/sites\/91\/2022\/09\/305583349_426789526101373_6439249409817469247_n.jpg 1199w, https:\/\/sites.ffkarate.fr\/seinemaritime\/wp-content\/uploads\/sites\/91\/2022\/09\/305583349_426789526101373_6439249409817469247_n-300x135.jpg 300w, https:\/\/sites.ffkarate.fr\/seinemaritime\/wp-content\/uploads\/sites\/91\/2022\/09\/305583349_426789526101373_6439249409817469247_n-1024x461.jpg 1024w, https:\/\/sites.ffkarate.fr\/seinemaritime\/wp-content\/uploads\/sites\/91\/2022\/09\/305583349_426789526101373_6439249409817469247_n-768x346.jpg 768w\" sizes=\"(max-width: 1199px) 100vw, 1199px\" \/>[\/vc_column_text][\/vc_column][\/vc_row]<\/p>\n<\/div>","protected":false},"excerpt":{"rendered":"<p>[vc_row][vc_column][vc_column_text]Les pr\u00e9sidents de Ligue et des comit\u00e9s d\u00e9partementaux entament la 2\u00e8me journ\u00e9e du colloque \u00e0 Montpellier. Ils ne manqueront pas de revenir vers vous pour vous faire part des derni\u00e8res orientations f\u00e9d\u00e9rales. Bonne rentr\u00e9e \u00e0 toutes et \u00e0 tous &nbsp; [\/vc_column_text][\/vc_column][\/vc_row]<\/p>\n","protected":false},"author":57,"featured_media":2422,"comment_status":"closed","ping_status":"closed","sticky":false,"template":"","format":"standard","meta":{"footnotes":""},"categories":[1],"tags":[],"class_list":["post-2420","post","type-post","status-publish","format-standard","hentry","category-non-classe"],"_links":{"self":[{"href":"https:\/\/sites.ffkarate.fr\/seinemaritime\/wp-json\/wp\/v2\/posts\/2420","targetHints":{"allow":["GET"]}}],"collection":[{"href":"https:\/\/sites.ffkarate.fr\/seinemaritime\/wp-json\/wp\/v2\/posts"}],"about":[{"href":"https:\/\/sites.ffkarate.fr\/seinemaritime\/wp-json\/wp\/v2\/types\/post"}],"author":[{"embeddable":true,"href":"https:\/\/sites.ffkarate.fr\/seinemaritime\/wp-json\/wp\/v2\/users\/57"}],"replies":[{"embeddable":true,"href":"https:\/\/sites.ffkarate.fr\/seinemaritime\/wp-json\/wp\/v2\/comments?post=2420"}],"version-history":[{"count":4,"href":"https:\/\/sites.ffkarate.fr\/seinemaritime\/wp-json\/wp\/v2\/posts\/2420\/revisions"}],"predecessor-version":[{"id":2425,"href":"https:\/\/sites.ffkarate.fr\/seinemaritime\/wp-json\/wp\/v2\/posts\/2420\/revisions\/2425"}],"wp:featuredmedia":[{"embeddable":true,"href":"https:\/\/sites.ffkarate.fr\/seinemaritime\/wp-json\/wp\/v2\/media\/2422"}],"wp:attachment":[{"href":"https:\/\/sites.ffkarate.fr\/seinemaritime\/wp-json\/wp\/v2\/media?parent=2420"}],"wp:term":[{"taxonomy":"category","embeddable":true,"href":"https:\/\/sites.ffkarate.fr\/seinemaritime\/wp-json\/wp\/v2\/categories?post=2420"},{"taxonomy":"post_tag","embeddable":true,"href":"https:\/\/sites.ffkarate.fr\/seinemaritime\/wp-json\/wp\/v2\/tags?post=2420"}],"curies":[{"name":"wp","href":"https:\/\/api.w.org\/{rel}","templated":true}]}}