{"id":2712,"date":"2023-03-08T09:06:07","date_gmt":"2023-03-08T08:06:07","guid":{"rendered":"https:\/\/sites.ffkarate.fr\/seinemaritime\/?p=2712"},"modified":"2023-03-10T15:01:57","modified_gmt":"2023-03-10T14:01:57","slug":"championnat-de-france-de-karate-kyokushi","status":"publish","type":"post","link":"https:\/\/sites.ffkarate.fr\/seinemaritime\/2023\/03\/08\/championnat-de-france-de-karate-kyokushi\/","title":{"rendered":"Championnat de France de Karat\u00e9 Kyokushin"},"content":{"rendered":"<div class=\"wpb-content-wrapper\"><p>[vc_row][vc_column][vc_column_text]<\/p>\n<header class=\"r-article--header\">\n<h1 class=\"\">\u00c0 Goderville, deux membres du club de karat\u00e9 devenus champion et vice-championne de France<\/h1>\n<p>Pauline Dumesnil et Thomas Lallemand ont rafl\u00e9 deux m\u00e9dailles lors du dernier championnat de France de karat\u00e9 kyokushin. L\u2019une est devenue vice-championne de France senior + 65 kg et l\u2019autre champion de France junior \u2013 70 kg. Portraits crois\u00e9s.<\/p>\n<p><a href=\"https:\/\/www.paris-normandie.fr\/id393800\/article\/2023-03-06\/goderville-deux-membres-du-club-de-karate-devenus-champion-et-vice-championne-de\" target=\"_blank\" rel=\"noopener\"><img decoding=\"async\" class=\"alignnone wp-image-1972 size-thumbnail\" src=\"https:\/\/sites.ffkarate.fr\/seinemaritime\/wp-content\/uploads\/sites\/91\/2022\/01\/360_F_54707192_fKlZgmAilwYXjwIyatnpp8v6yWQtpjGK-176x176.jpg\" alt=\"\" width=\"176\" height=\"176\" \/><\/a><\/p>\n<\/header>\n<div class=\"qiota_reserve qiota_trunked\"><img decoding=\"async\" src=\"https:\/\/static.qiota.com\/assets\/qiotasession.gif?ts=1678262291\" \/><\/div>\n<div class=\"qiota\" data-idscenario=\"1784\" data-gtm-vis-recent-on-screen-94647060_20=\"95\" data-gtm-vis-first-on-screen-94647060_20=\"95\" data-gtm-vis-total-visible-time-94647060_20=\"100\" data-gtm-vis-has-fired-94647060_20=\"1\">\n<div class=\"qiota_hidden\"><\/div>\n<div>\n<p>&nbsp;<\/p>\n<div class=\"r-paywall \">\n<div class=\"r-paywall--modele \"><img decoding=\"async\" class=\"alignnone wp-image-2714 size-full\" src=\"https:\/\/sites.ffkarate.fr\/seinemaritime\/wp-content\/uploads\/sites\/91\/2023\/03\/Capture.png\" alt=\"\" width=\"635\" height=\"359\" \/><img decoding=\"async\" class=\"alignnone wp-image-2711 size-full\" src=\"https:\/\/sites.ffkarate.fr\/seinemaritime\/wp-content\/uploads\/sites\/91\/2023\/03\/CDF-2023-PN_page-0001.jpg\" alt=\"\" width=\"1518\" height=\"2150\" \/><\/div>\n<div><img decoding=\"async\" class=\"alignnone wp-image-2723 size-full\" src=\"https:\/\/sites.ffkarate.fr\/seinemaritime\/wp-content\/uploads\/sites\/91\/2023\/03\/331514592_618905790076456_2048530579459832291_n.jpg\" alt=\"\" width=\"699\" height=\"540\" \/><\/div>\n<\/div>\n<\/div>\n<\/div>\n<p>[\/vc_column_text][\/vc_column][\/vc_row]<\/p>\n<\/div>","protected":false},"excerpt":{"rendered":"<p>[vc_row][vc_column][vc_column_text] \u00c0 Goderville, deux membres du club de karat\u00e9 devenus champion et vice-championne de France Pauline Dumesnil et Thomas Lallemand ont rafl\u00e9 deux m\u00e9dailles lors du dernier championnat de France de karat\u00e9 kyokushin. L\u2019une est devenue vice-championne de France senior + 65 kg et l\u2019autre champion de France junior \u2013 70 kg. Portraits crois\u00e9s. &nbsp; [&hellip;]<\/p>\n","protected":false},"author":57,"featured_media":2710,"comment_status":"closed","ping_status":"closed","sticky":false,"template":"","format":"standard","meta":{"footnotes":""},"categories":[1],"tags":[],"class_list":["post-2712","post","type-post","status-publish","format-standard","hentry","category-non-classe"],"_links":{"self":[{"href":"https:\/\/sites.ffkarate.fr\/seinemaritime\/wp-json\/wp\/v2\/posts\/2712","targetHints":{"allow":["GET"]}}],"collection":[{"href":"https:\/\/sites.ffkarate.fr\/seinemaritime\/wp-json\/wp\/v2\/posts"}],"about":[{"href":"https:\/\/sites.ffkarate.fr\/seinemaritime\/wp-json\/wp\/v2\/types\/post"}],"author":[{"embeddable":true,"href":"https:\/\/sites.ffkarate.fr\/seinemaritime\/wp-json\/wp\/v2\/users\/57"}],"replies":[{"embeddable":true,"href":"https:\/\/sites.ffkarate.fr\/seinemaritime\/wp-json\/wp\/v2\/comments?post=2712"}],"version-history":[{"count":6,"href":"https:\/\/sites.ffkarate.fr\/seinemaritime\/wp-json\/wp\/v2\/posts\/2712\/revisions"}],"predecessor-version":[{"id":2724,"href":"https:\/\/sites.ffkarate.fr\/seinemaritime\/wp-json\/wp\/v2\/posts\/2712\/revisions\/2724"}],"wp:featuredmedia":[{"embeddable":true,"href":"https:\/\/sites.ffkarate.fr\/seinemaritime\/wp-json\/wp\/v2\/media\/2710"}],"wp:attachment":[{"href":"https:\/\/sites.ffkarate.fr\/seinemaritime\/wp-json\/wp\/v2\/media?parent=2712"}],"wp:term":[{"taxonomy":"category","embeddable":true,"href":"https:\/\/sites.ffkarate.fr\/seinemaritime\/wp-json\/wp\/v2\/categories?post=2712"},{"taxonomy":"post_tag","embeddable":true,"href":"https:\/\/sites.ffkarate.fr\/seinemaritime\/wp-json\/wp\/v2\/tags?post=2712"}],"curies":[{"name":"wp","href":"https:\/\/api.w.org\/{rel}","templated":true}]}}