{"id":2821,"date":"2023-05-10T15:15:32","date_gmt":"2023-05-10T13:15:32","guid":{"rendered":"https:\/\/sites.ffkarate.fr\/seinemaritime\/?p=2821"},"modified":"2023-05-10T15:17:00","modified_gmt":"2023-05-10T13:17:00","slug":"2821","status":"publish","type":"post","link":"https:\/\/sites.ffkarate.fr\/seinemaritime\/2023\/05\/10\/2821\/","title":{"rendered":"Stage estival karat\u00e9"},"content":{"rendered":"<div class=\"wpb-content-wrapper\"><p>[vc_row][vc_column][vc_column_text]<\/p>\n<div>\n<div class=\"x1cy8zhl x78zum5 x1q0g3np xod5an3 x1pi30zi x1swvt13 xz9dl7a\">\n<div class=\"x1iyjqo2\">\n<div class=\"x78zum5 xdt5ytf xz62fqu x16ldp7u\">\n<div class=\"xu06os2 x1ok221b\">\n<h4 id=\":r4je:\" class=\"x1heor9g x1qlqyl8 x1pd3egz x1a2a7pz x1gslohp x1yc453h\"><span class=\"xt0psk2\"><a class=\"x1i10hfl xjbqb8w x6umtig x1b1mbwd xaqea5y xav7gou x9f619 x1ypdohk xt0psk2 xe8uvvx xdj266r x11i5rnm xat24cr x1mh8g0r xexx8yu x4uap5 x18d9i69 xkhd6sd x16tdsg8 x1hl2dhg xggy1nq x1a2a7pz xt0b8zv xzsf02u x1s688f\" role=\"link\" href=\"https:\/\/www.facebook.com\/ffkarate?__cft__[0]=AZUSaRqmq37VApE0ophiHlpF63PND9jDP1qHgqTlNKg2gfdCtzbQxFKvuitFZuH3A308Ej8RKL9RMYvda-Zcv6ivOUPZYj8CSPa6yzGgApuX-qEoWVDBGy1PN7obQvOYwiE2yzuc1EDYXoi7ZOhAxxc4KfURIItTEKX9Ys3caYZxkgOXnx2FijSMhoZZlf_tNKI&amp;__tn__=-UC%2CP-R\" target=\"_blank\" rel=\"noopener\"><strong>FFK &#8211; F\u00e9d\u00e9ration Fran\u00e7aise de Karat\u00e9<\/strong><\/a><\/span><\/h4>\n<\/div>\n<\/div>\n<\/div>\n<\/div>\n<\/div>\n<div>\n<div class=\"\" dir=\"auto\">\n<div id=\":r4jg:\" class=\"x1iorvi4 x1pi30zi x1l90r2v x1swvt13\" data-ad-comet-preview=\"message\" data-ad-preview=\"message\">\n<div class=\"x78zum5 xdt5ytf xz62fqu x16ldp7u\">\n<div class=\"xu06os2 x1ok221b\">\n<div class=\"xdj266r x11i5rnm xat24cr x1mh8g0r x1vvkbs x126k92a\">\n<div dir=\"auto\">Pour le \ud835\ude68\ud835\ude69\ud835\ude56\ud835\ude5c\ud835\ude5a \ud835\ude5a\ud835\ude68\ud835\ude69\ud835\ude5e\ud835\ude6b\ud835\ude56\ud835\ude61 de cet \u00e9t\u00e9, on vous a pr\u00e9vu du lourd ! <span class=\"x3nfvp2 x1j61x8r x1fcty0u xdj266r xhhsvwb xat24cr xgzva0m xxymvpz xlup9mm x1kky2od\"><img decoding=\"async\" src=\"https:\/\/static.xx.fbcdn.net\/images\/emoji.php\/v9\/t6c\/1\/16\/1f4aa.png\" alt=\"\ud83d\udcaa\" width=\"16\" height=\"16\" \/><\/span><\/div>\n<\/div>\n<div class=\"x11i5rnm xat24cr x1mh8g0r x1vvkbs xtlvy1s x126k92a\">\n<div dir=\"auto\">Nos entra\u00eeneurs nationaux seront de la partie, alors si toi aussi tu veux en \u00eatre, c\u2019est par ici <span class=\"x3nfvp2 x1j61x8r x1fcty0u xdj266r xhhsvwb xat24cr xgzva0m xxymvpz xlup9mm x1kky2od\"><img decoding=\"async\" src=\"https:\/\/static.xx.fbcdn.net\/images\/emoji.php\/v9\/t51\/1\/16\/1f449.png\" alt=\"\ud83d\udc49\" width=\"16\" height=\"16\" \/><\/span> <a class=\"x1i10hfl xjbqb8w x6umtig x1b1mbwd xaqea5y xav7gou x9f619 x1ypdohk xt0psk2 xe8uvvx xdj266r x11i5rnm xat24cr x1mh8g0r xexx8yu x4uap5 x18d9i69 xkhd6sd x16tdsg8 x1hl2dhg xggy1nq x1a2a7pz xt0b8zv x1fey0fg\" role=\"link\" href=\"https:\/\/bit.ly\/3ASse7z?fbclid=IwAR0BKLVOE_7S7uDtg1u3c5ym9suIZx86eBp4JFwwpn9J-z_WDvbys4JY78E\" target=\"_blank\" rel=\"nofollow noopener\">https:\/\/bit.ly\/3ASse7z<\/a><\/div>\n<\/div>\n<div class=\"x11i5rnm xat24cr x1mh8g0r x1vvkbs xtlvy1s x126k92a\">\n<div dir=\"auto\"><span class=\"x3nfvp2 x1j61x8r x1fcty0u xdj266r xhhsvwb xat24cr xgzva0m xxymvpz xlup9mm x1kky2od\"><img decoding=\"async\" src=\"https:\/\/static.xx.fbcdn.net\/images\/emoji.php\/v9\/t7e\/1\/16\/1f4c5.png\" alt=\"\ud83d\udcc5\" width=\"16\" height=\"16\" \/><\/span> Date limite d\u2019inscription : 31 mai<\/div>\n<\/div>\n<\/div>\n<\/div>\n<\/div>\n<\/div>\n<div id=\":r4jh:\" class=\"x1n2onr6\">\n<div class=\"x1n2onr6\">\n<div class=\"x6s0dn4 x1jx94hy x78zum5 xdt5ytf x6ikm8r x10wlt62 x1n2onr6 xh8yej3\">\n<div>\n<div class=\"xqtp20y x6ikm8r x10wlt62 x1n2onr6\">\n<div class=\"x10l6tqk x13vifvy\"><img decoding=\"async\" class=\"x1ey2m1c xds687c x5yr21d x10l6tqk x17qophe x13vifvy xh8yej3 xl1xv1r\" src=\"https:\/\/scontent-cdg4-3.xx.fbcdn.net\/v\/t39.30808-6\/346034942_797101714854793_3248121968346759838_n.jpg?stp=dst-jpg_s640x640&amp;_nc_cat=106&amp;ccb=1-7&amp;_nc_sid=730e14&amp;_nc_ohc=fgU53EvqEjgAX9_Qnqp&amp;_nc_ht=scontent-cdg4-3.xx&amp;oh=00_AfCHAuYKVc6OuPa-snuoCd9sOLUr40ak-OiULOeYCKBgCg&amp;oe=64613572\" alt=\"Peut \u00eatre une image de 8 personnes, barbe et texte qui dit \u2019RANTE STAGE ESTIVAL KARAT\u00c9 ARATE\u2019\" width=\"512\" height=\"640\" \/><\/div>\n<\/div>\n<\/div>\n<\/div>\n<div class=\"xua58t2 xzg4506 x1ey2m1c xds687c x47corl x10l6tqk x17qophe x13vifvy\"><\/div>\n<div class=\"x1o1ewxj x3x9cwd x1e5q0jg x13rtm0m x1ey2m1c xds687c xg01cxk x47corl x10l6tqk x17qophe x13vifvy x1ebt8du x19991ni x1dhq9h\" data-visualcompletion=\"ignore\"><\/div>\n<\/div>\n<\/div>\n<\/div>\n<p>[\/vc_column_text][\/vc_column][\/vc_row]<\/p>\n<\/div>","protected":false},"excerpt":{"rendered":"<p>[vc_row][vc_column][vc_column_text] FFK &#8211; F\u00e9d\u00e9ration Fran\u00e7aise de Karat\u00e9 Pour le \ud835\ude68\ud835\ude69\ud835\ude56\ud835\ude5c\ud835\ude5a \ud835\ude5a\ud835\ude68\ud835\ude69\ud835\ude5e\ud835\ude6b\ud835\ude56\ud835\ude61 de cet \u00e9t\u00e9, on vous a pr\u00e9vu du lourd ! Nos entra\u00eeneurs nationaux seront de la partie, alors si toi aussi tu veux en \u00eatre, c\u2019est par ici https:\/\/bit.ly\/3ASse7z Date limite d\u2019inscription : 31 mai [\/vc_column_text][\/vc_column][\/vc_row]<\/p>\n","protected":false},"author":57,"featured_media":0,"comment_status":"closed","ping_status":"closed","sticky":false,"template":"","format":"standard","meta":{"footnotes":""},"categories":[1],"tags":[],"class_list":["post-2821","post","type-post","status-publish","format-standard","hentry","category-non-classe"],"_links":{"self":[{"href":"https:\/\/sites.ffkarate.fr\/seinemaritime\/wp-json\/wp\/v2\/posts\/2821","targetHints":{"allow":["GET"]}}],"collection":[{"href":"https:\/\/sites.ffkarate.fr\/seinemaritime\/wp-json\/wp\/v2\/posts"}],"about":[{"href":"https:\/\/sites.ffkarate.fr\/seinemaritime\/wp-json\/wp\/v2\/types\/post"}],"author":[{"embeddable":true,"href":"https:\/\/sites.ffkarate.fr\/seinemaritime\/wp-json\/wp\/v2\/users\/57"}],"replies":[{"embeddable":true,"href":"https:\/\/sites.ffkarate.fr\/seinemaritime\/wp-json\/wp\/v2\/comments?post=2821"}],"version-history":[{"count":3,"href":"https:\/\/sites.ffkarate.fr\/seinemaritime\/wp-json\/wp\/v2\/posts\/2821\/revisions"}],"predecessor-version":[{"id":2824,"href":"https:\/\/sites.ffkarate.fr\/seinemaritime\/wp-json\/wp\/v2\/posts\/2821\/revisions\/2824"}],"wp:attachment":[{"href":"https:\/\/sites.ffkarate.fr\/seinemaritime\/wp-json\/wp\/v2\/media?parent=2821"}],"wp:term":[{"taxonomy":"category","embeddable":true,"href":"https:\/\/sites.ffkarate.fr\/seinemaritime\/wp-json\/wp\/v2\/categories?post=2821"},{"taxonomy":"post_tag","embeddable":true,"href":"https:\/\/sites.ffkarate.fr\/seinemaritime\/wp-json\/wp\/v2\/tags?post=2821"}],"curies":[{"name":"wp","href":"https:\/\/api.w.org\/{rel}","templated":true}]}}