{"id":3419,"date":"2024-03-26T14:50:49","date_gmt":"2024-03-26T13:50:49","guid":{"rendered":"https:\/\/sites.ffkarate.fr\/seinemaritime\/?p=3419"},"modified":"2024-03-26T16:36:47","modified_gmt":"2024-03-26T15:36:47","slug":"foire-de-rouen","status":"publish","type":"post","link":"https:\/\/sites.ffkarate.fr\/seinemaritime\/2024\/03\/26\/foire-de-rouen\/","title":{"rendered":"Foire de Rouen"},"content":{"rendered":"<div class=\"wpb-content-wrapper\"><p>[vc_row][vc_column][vc_column_text]<\/p>\n<p style=\"font-weight: 400\">Le CROS Normandie coordonne l\u2019organisation d\u2019un village \u00ab\u00a0Sport pour tous\u00a0\u00bb dans le cadre de la Foire Internationale de Rouen 2024 et a invit\u00e9 la Ligue de Normandie \u00e0 y participer du 30 au 31 mars 2024 au parc des expositions de Rouen (week-end d\u2019ouverture de la foire).<\/p>\n<p style=\"font-weight: 400\">Des d\u00e9monstrations et animations sont mises en place par la Ligue le samedi 30 et le dimanche 31 mars 2024. Vous trouverez ci-joint un visuel de notre communication ainsi que le plan des stands. (Entr\u00e9e payante)<\/p>\n<ul style=\"font-weight: 400\">\n<li>Le samedi \u2013 11h\/12h\u00a0: \u00a0D\u00e9monstration Nihon Tai Jitsu<\/li>\n<li>Le samedi \u2013 14h\/16h : D\u00e9monstration Equipe de France Kata Jeunes \u2013 D\u00e9monstration Body Karat\u00e9 avec la pr\u00e9sence de la porteuse de la Flamme olympique en Para-Karat\u00e9, Anne-Marie BENHAROUN \u00a0&#8211; D\u00e9monstration de Karat\u00e9 combat et Traditionnel<\/li>\n<li>Le dimanche \u2013 11h\/12h : D\u00e9monstration Nihon Tai Jitu<\/li>\n<li>Le dimanche \u2013 15h\/16h : D\u00e9monstration Krav Maga<\/li>\n<\/ul>\n<h1 style=\"font-weight: 400\"><strong>Plan des stands:<\/strong><\/h1>\n<p style=\"font-weight: 400\"><a href=\"https:\/\/sites.ffkarate.fr\/seinemaritime\/wp-content\/uploads\/sites\/91\/2024\/03\/Plan-stands-2024.pdf\"><img decoding=\"async\" class=\"alignnone wp-image-1972 size-thumbnail\" src=\"https:\/\/sites.ffkarate.fr\/seinemaritime\/wp-content\/uploads\/sites\/91\/2022\/01\/360_F_54707192_fKlZgmAilwYXjwIyatnpp8v6yWQtpjGK-176x176.jpg\" alt=\"\" width=\"176\" height=\"176\" \/><\/a> <a href=\"https:\/\/sites.ffkarate.fr\/seinemaritime\/wp-content\/uploads\/sites\/91\/2024\/03\/Affiche-foire-de-Rouen-1.png\"><img decoding=\"async\" class=\"alignnone size-full wp-image-3418\" src=\"https:\/\/sites.ffkarate.fr\/seinemaritime\/wp-content\/uploads\/sites\/91\/2024\/03\/Affiche-foire-de-Rouen-1.png\" alt=\"\" width=\"1654\" height=\"2339\" srcset=\"https:\/\/sites.ffkarate.fr\/seinemaritime\/wp-content\/uploads\/sites\/91\/2024\/03\/Affiche-foire-de-Rouen-1.png 1654w, https:\/\/sites.ffkarate.fr\/seinemaritime\/wp-content\/uploads\/sites\/91\/2024\/03\/Affiche-foire-de-Rouen-1-212x300.png 212w, https:\/\/sites.ffkarate.fr\/seinemaritime\/wp-content\/uploads\/sites\/91\/2024\/03\/Affiche-foire-de-Rouen-1-724x1024.png 724w, https:\/\/sites.ffkarate.fr\/seinemaritime\/wp-content\/uploads\/sites\/91\/2024\/03\/Affiche-foire-de-Rouen-1-768x1086.png 768w, https:\/\/sites.ffkarate.fr\/seinemaritime\/wp-content\/uploads\/sites\/91\/2024\/03\/Affiche-foire-de-Rouen-1-1086x1536.png 1086w, https:\/\/sites.ffkarate.fr\/seinemaritime\/wp-content\/uploads\/sites\/91\/2024\/03\/Affiche-foire-de-Rouen-1-1448x2048.png 1448w\" sizes=\"(max-width: 1654px) 100vw, 1654px\" \/><\/a><\/p>\n<div class=\"xdj266r x11i5rnm xat24cr x1mh8g0r x1vvkbs x126k92a\">\n<div dir=\"auto\">La d\u00e9monstration Karat\u00e9 sera assur\u00e9e avec deux membres de l&rsquo;\u00e9quipe de France le samedi 30 mars \u00e0 11h00.<\/div>\n<\/div>\n<div class=\"x11i5rnm xat24cr x1mh8g0r x1vvkbs xtlvy1s x126k92a\">\n<div dir=\"auto\">&#8211; Younesse SALMI : Champion d\u2019Europe et 3eme des derniers championnats du monde par \u00e9quipe<\/div>\n<\/div>\n<div class=\"x11i5rnm xat24cr x1mh8g0r x1vvkbs xtlvy1s x126k92a\">\n<div dir=\"auto\">&#8211; Niswa AHMED : championne du monde -21 ans en cat\u00e9gorie -50kg et 3eme des championnats d\u2019Europe seniors dans la m\u00eame cat\u00e9gorie<\/div>\n<\/div>\n<div class=\"x11i5rnm xat24cr x1mh8g0r x1vvkbs xtlvy1s x126k92a\">\n<div dir=\"auto\">Un beau spectacle en perpective <span class=\"x3nfvp2 x1j61x8r x1fcty0u xdj266r xhhsvwb xat24cr xgzva0m xxymvpz xlup9mm x1kky2od\"><img decoding=\"async\" class=\"xz74otr\" src=\"https:\/\/static.xx.fbcdn.net\/images\/emoji.php\/v9\/t58\/1\/16\/1f929.png\" alt=\"\ud83e\udd29\" width=\"16\" height=\"16\" \/><\/span><\/div>\n<div dir=\"auto\"><a href=\"https:\/\/sites.ffkarate.fr\/seinemaritime\/wp-content\/uploads\/sites\/91\/2024\/03\/434076731_948187173979712_6680638657453815516_n.jpg\"><img decoding=\"async\" class=\"alignnone size-full wp-image-3458\" src=\"https:\/\/sites.ffkarate.fr\/seinemaritime\/wp-content\/uploads\/sites\/91\/2024\/03\/434076731_948187173979712_6680638657453815516_n.jpg\" alt=\"\" width=\"283\" height=\"425\" \/><\/a><a href=\"https:\/\/sites.ffkarate.fr\/seinemaritime\/wp-content\/uploads\/sites\/91\/2024\/03\/433883050_948187327313030_7514226057696151533_n.jpg\"><img decoding=\"async\" class=\"alignnone size-full wp-image-3457\" src=\"https:\/\/sites.ffkarate.fr\/seinemaritime\/wp-content\/uploads\/sites\/91\/2024\/03\/433883050_948187327313030_7514226057696151533_n.jpg\" alt=\"\" width=\"283\" height=\"425\" \/><\/a><\/div>\n<\/div>\n<p>[\/vc_column_text][\/vc_column][\/vc_row]<\/p>\n<\/div>","protected":false},"excerpt":{"rendered":"<p>[vc_row][vc_column][vc_column_text] Le CROS Normandie coordonne l\u2019organisation d\u2019un village \u00ab\u00a0Sport pour tous\u00a0\u00bb dans le cadre de la Foire Internationale de Rouen 2024 et a invit\u00e9 la Ligue de Normandie \u00e0 y participer du 30 au 31 mars 2024 au parc des expositions de Rouen (week-end d\u2019ouverture de la foire). Des d\u00e9monstrations et animations sont mises en [&hellip;]<\/p>\n","protected":false},"author":57,"featured_media":2590,"comment_status":"closed","ping_status":"closed","sticky":false,"template":"","format":"standard","meta":{"footnotes":""},"categories":[5],"tags":[],"class_list":["post-3419","post","type-post","status-publish","format-standard","hentry","category-actualites"],"_links":{"self":[{"href":"https:\/\/sites.ffkarate.fr\/seinemaritime\/wp-json\/wp\/v2\/posts\/3419","targetHints":{"allow":["GET"]}}],"collection":[{"href":"https:\/\/sites.ffkarate.fr\/seinemaritime\/wp-json\/wp\/v2\/posts"}],"about":[{"href":"https:\/\/sites.ffkarate.fr\/seinemaritime\/wp-json\/wp\/v2\/types\/post"}],"author":[{"embeddable":true,"href":"https:\/\/sites.ffkarate.fr\/seinemaritime\/wp-json\/wp\/v2\/users\/57"}],"replies":[{"embeddable":true,"href":"https:\/\/sites.ffkarate.fr\/seinemaritime\/wp-json\/wp\/v2\/comments?post=3419"}],"version-history":[{"count":7,"href":"https:\/\/sites.ffkarate.fr\/seinemaritime\/wp-json\/wp\/v2\/posts\/3419\/revisions"}],"predecessor-version":[{"id":3460,"href":"https:\/\/sites.ffkarate.fr\/seinemaritime\/wp-json\/wp\/v2\/posts\/3419\/revisions\/3460"}],"wp:featuredmedia":[{"embeddable":true,"href":"https:\/\/sites.ffkarate.fr\/seinemaritime\/wp-json\/wp\/v2\/media\/2590"}],"wp:attachment":[{"href":"https:\/\/sites.ffkarate.fr\/seinemaritime\/wp-json\/wp\/v2\/media?parent=3419"}],"wp:term":[{"taxonomy":"category","embeddable":true,"href":"https:\/\/sites.ffkarate.fr\/seinemaritime\/wp-json\/wp\/v2\/categories?post=3419"},{"taxonomy":"post_tag","embeddable":true,"href":"https:\/\/sites.ffkarate.fr\/seinemaritime\/wp-json\/wp\/v2\/tags?post=3419"}],"curies":[{"name":"wp","href":"https:\/\/api.w.org\/{rel}","templated":true}]}}