{"id":3533,"date":"2024-04-27T19:54:13","date_gmt":"2024-04-27T17:54:13","guid":{"rendered":"https:\/\/sites.ffkarate.fr\/seinemaritime\/?p=3533"},"modified":"2024-04-28T17:06:21","modified_gmt":"2024-04-28T15:06:21","slug":"championnat-de-france-de-karate-%f0%9f%87%ab%f0%9f%87%b7-kumite","status":"publish","type":"post","link":"https:\/\/sites.ffkarate.fr\/seinemaritime\/2024\/04\/27\/championnat-de-france-de-karate-%f0%9f%87%ab%f0%9f%87%b7-kumite\/","title":{"rendered":"CHAMPIONNAT DE FRANCE DE KARATE \ud83c\uddeb\ud83c\uddf7 &#8211; KUMITE"},"content":{"rendered":"<div class=\"wpb-content-wrapper\"><p>[vc_row][vc_column][vc_column_text]<\/p>\n<div class=\"x11i5rnm xat24cr x1mh8g0r x1vvkbs xtlvy1s x126k92a\">\n<div dir=\"auto\">Chaleureuses f\u00e9licitations \u00e0 Cameron Savalle, du <a class=\"x1i10hfl xjbqb8w x1ejq31n xd10rxx x1sy0etr x17r0tee x972fbf xcfux6l x1qhh985 xm0m39n x9f619 x1ypdohk xt0psk2 xe8uvvx xdj266r x11i5rnm xat24cr x1mh8g0r xexx8yu x4uap5 x18d9i69 xkhd6sd x16tdsg8 x1hl2dhg xggy1nq x1a2a7pz xt0b8zv x1fey0fg xo1l8bm\" role=\"link\" href=\"https:\/\/www.facebook.com\/ShotokanKarateElbeuf?__cft__[0]=AZUt28ycbGAMaFnA8X12UzzwuTpuFnESM3bfRh2hA41WNK8g-hcZDtPnjXQ_f91R8BV-Hbt3JQnjfFsYL1ncPPqSeE9SWjokRONtNCh_9Sx2hKAy7qTkT6eBBWj2ddhZmQvX98_XIpifWY5tUChhCU1aa4B88QFJlVdxw3zeGL_35QM7hAnlRG980xPsgoq-PczgnBasv5VlUyGPahvsEvWZ&amp;__tn__=-]K-R\" target=\"_blank\" rel=\"noopener\"><span class=\"xt0psk2\">Shotokan Karate Club Elbeuf<\/span><\/a>, qui r\u00e9alise une tr\u00e8s belle performance \u00e0 Vannes, et se classe 3\u00e8me en cat\u00e9gorie Minimes <span class=\"x3nfvp2 x1j61x8r x1fcty0u xdj266r xhhsvwb xat24cr xgzva0m xxymvpz xlup9mm x1kky2od\"><img decoding=\"async\" class=\"xz74otr\" src=\"https:\/\/static.xx.fbcdn.net\/images\/emoji.php\/v9\/t96\/1\/16\/1f949.png\" alt=\"\ud83e\udd49\" width=\"16\" height=\"16\" \/><\/span><span class=\"x3nfvp2 x1j61x8r x1fcty0u xdj266r xhhsvwb xat24cr xgzva0m xxymvpz xlup9mm x1kky2od\"><img decoding=\"async\" class=\"xz74otr\" src=\"https:\/\/static.xx.fbcdn.net\/images\/emoji.php\/v9\/tfe\/1\/16\/1f44f.png\" alt=\"\ud83d\udc4f\" width=\"16\" height=\"16\" \/><\/span><\/div>\n<\/div>\n<div class=\"x11i5rnm xat24cr x1mh8g0r x1vvkbs xtlvy1s x126k92a\">\n<div dir=\"auto\">Bravo \u00e0 ses coachs R\u00e9gis Teurquety et Carim Ouarafana qui l&rsquo;ont soutenu et encourag\u00e9 dans ce succ\u00e8s bien m\u00e9rit\u00e9 <span class=\"x3nfvp2 x1j61x8r x1fcty0u xdj266r xhhsvwb xat24cr xgzva0m xxymvpz xlup9mm x1kky2od\"><img decoding=\"async\" class=\"xz74otr\" src=\"https:\/\/static.xx.fbcdn.net\/images\/emoji.php\/v9\/t80\/1\/16\/1f64f.png\" alt=\"\ud83d\ude4f\" width=\"16\" height=\"16\" \/><\/span><span class=\"x3nfvp2 x1j61x8r x1fcty0u xdj266r xhhsvwb xat24cr xgzva0m xxymvpz xlup9mm x1kky2od\"><img decoding=\"async\" class=\"xz74otr\" src=\"https:\/\/static.xx.fbcdn.net\/images\/emoji.php\/v9\/tfe\/1\/16\/1f44f.png\" alt=\"\ud83d\udc4f\" width=\"16\" height=\"16\" \/><\/span><\/div>\n<\/div>\n<div dir=\"auto\"><\/div>\n<div dir=\"auto\"><a href=\"https:\/\/sites.ffkarate.fr\/seinemaritime\/wp-content\/uploads\/sites\/91\/2024\/04\/439881641_971226848342411_1936128726958464629_n.jpg\"><img decoding=\"async\" class=\"alignnone size-full wp-image-3532\" src=\"https:\/\/sites.ffkarate.fr\/seinemaritime\/wp-content\/uploads\/sites\/91\/2024\/04\/439881641_971226848342411_1936128726958464629_n.jpg\" alt=\"\" width=\"945\" height=\"2048\" \/> <\/a><a href=\"https:\/\/sites.ffkarate.fr\/seinemaritime\/wp-content\/uploads\/sites\/91\/2024\/04\/438888184_841909117933965_1782148434603584607_n.jpg\"><img decoding=\"async\" class=\"alignnone size-full wp-image-3539\" src=\"https:\/\/sites.ffkarate.fr\/seinemaritime\/wp-content\/uploads\/sites\/91\/2024\/04\/438888184_841909117933965_1782148434603584607_n.jpg\" alt=\"\" width=\"1536\" height=\"2048\" \/><\/a><a href=\"https:\/\/sites.ffkarate.fr\/seinemaritime\/wp-content\/uploads\/sites\/91\/2024\/04\/438100448_841909077933969_6006037699630002173_n.jpg\"><img decoding=\"async\" class=\"alignnone size-full wp-image-3538\" src=\"https:\/\/sites.ffkarate.fr\/seinemaritime\/wp-content\/uploads\/sites\/91\/2024\/04\/438100448_841909077933969_6006037699630002173_n.jpg\" alt=\"\" width=\"1536\" height=\"2048\" \/><\/a><\/div>\n<p>[\/vc_column_text][\/vc_column][\/vc_row]<\/p>\n<\/div>","protected":false},"excerpt":{"rendered":"<p>[vc_row][vc_column][vc_column_text] Chaleureuses f\u00e9licitations \u00e0 Cameron Savalle, du Shotokan Karate Club Elbeuf, qui r\u00e9alise une tr\u00e8s belle performance \u00e0 Vannes, et se classe 3\u00e8me en cat\u00e9gorie Minimes Bravo \u00e0 ses coachs R\u00e9gis Teurquety et Carim Ouarafana qui l&rsquo;ont soutenu et encourag\u00e9 dans ce succ\u00e8s bien m\u00e9rit\u00e9 [\/vc_column_text][\/vc_column][\/vc_row]<\/p>\n","protected":false},"author":57,"featured_media":2312,"comment_status":"closed","ping_status":"closed","sticky":false,"template":"","format":"standard","meta":{"footnotes":""},"categories":[10],"tags":[],"class_list":["post-3533","post","type-post","status-publish","format-standard","hentry","category-competitions"],"_links":{"self":[{"href":"https:\/\/sites.ffkarate.fr\/seinemaritime\/wp-json\/wp\/v2\/posts\/3533","targetHints":{"allow":["GET"]}}],"collection":[{"href":"https:\/\/sites.ffkarate.fr\/seinemaritime\/wp-json\/wp\/v2\/posts"}],"about":[{"href":"https:\/\/sites.ffkarate.fr\/seinemaritime\/wp-json\/wp\/v2\/types\/post"}],"author":[{"embeddable":true,"href":"https:\/\/sites.ffkarate.fr\/seinemaritime\/wp-json\/wp\/v2\/users\/57"}],"replies":[{"embeddable":true,"href":"https:\/\/sites.ffkarate.fr\/seinemaritime\/wp-json\/wp\/v2\/comments?post=3533"}],"version-history":[{"count":3,"href":"https:\/\/sites.ffkarate.fr\/seinemaritime\/wp-json\/wp\/v2\/posts\/3533\/revisions"}],"predecessor-version":[{"id":3540,"href":"https:\/\/sites.ffkarate.fr\/seinemaritime\/wp-json\/wp\/v2\/posts\/3533\/revisions\/3540"}],"wp:featuredmedia":[{"embeddable":true,"href":"https:\/\/sites.ffkarate.fr\/seinemaritime\/wp-json\/wp\/v2\/media\/2312"}],"wp:attachment":[{"href":"https:\/\/sites.ffkarate.fr\/seinemaritime\/wp-json\/wp\/v2\/media?parent=3533"}],"wp:term":[{"taxonomy":"category","embeddable":true,"href":"https:\/\/sites.ffkarate.fr\/seinemaritime\/wp-json\/wp\/v2\/categories?post=3533"},{"taxonomy":"post_tag","embeddable":true,"href":"https:\/\/sites.ffkarate.fr\/seinemaritime\/wp-json\/wp\/v2\/tags?post=3533"}],"curies":[{"name":"wp","href":"https:\/\/api.w.org\/{rel}","templated":true}]}}