{"id":3576,"date":"2024-05-18T15:22:50","date_gmt":"2024-05-18T13:22:50","guid":{"rendered":"https:\/\/sites.ffkarate.fr\/seinemaritime\/?p=3576"},"modified":"2024-05-18T15:24:17","modified_gmt":"2024-05-18T13:24:17","slug":"recompensefelicitations-aux-dirigeants-enseignants-et-benevoles-du-shotokan-karate-club-elbeuf-pour-leur-remarquable-implication-et-la-qualite-du-travail-realise-au-sein-du-club-%f0%9f%91%8f","status":"publish","type":"post","link":"https:\/\/sites.ffkarate.fr\/seinemaritime\/2024\/05\/18\/recompensefelicitations-aux-dirigeants-enseignants-et-benevoles-du-shotokan-karate-club-elbeuf-pour-leur-remarquable-implication-et-la-qualite-du-travail-realise-au-sein-du-club-%f0%9f%91%8f\/","title":{"rendered":"R\u00e9compense"},"content":{"rendered":"<div class=\"wpb-content-wrapper\"><p>[vc_row][vc_column][vc_column_text]F\u00e9licitations aux dirigeants, enseignants et b\u00e9n\u00e9voles du\u00a0<span class=\"html-span xdj266r x11i5rnm xat24cr x1mh8g0r xexx8yu x4uap5 x18d9i69 xkhd6sd x1hl2dhg x16tdsg8 x1vvkbs\"><a class=\"x1i10hfl xjbqb8w x1ejq31n xd10rxx x1sy0etr x17r0tee x972fbf xcfux6l x1qhh985 xm0m39n x9f619 x1ypdohk xt0psk2 xe8uvvx xdj266r x11i5rnm xat24cr x1mh8g0r xexx8yu x4uap5 x18d9i69 xkhd6sd x16tdsg8 x1hl2dhg xggy1nq x1a2a7pz x1sur9pj xkrqix3 x1fey0fg xo1l8bm\" role=\"link\" href=\"https:\/\/www.facebook.com\/ShotokanKarateElbeuf?__cft__[0]=AZUO6_8tZIxQbaSYd6wFiwwY46Gm4eLFUiNDY1GWB5lAbev6mdWr58cm4puFXlu7kuKPk36UQqxLz4gPG8BZcQP8UMicKQJ8FWA8jIoskGwEeM6QPP6ulfAeaJsgoK5REF6qckxDkbdSxL18Q2YjjvHx-qg8nXhOoJWhoAU_7MRts80_UJN7ddsxwX1g0lzaqxjTacbCOX-5aascupS6itRHDdghqmNKLxf-4C_uEc1xe66Gdt11qed0dwPsH4Pdz28&amp;__tn__=-]K-R\" target=\"_blank\" rel=\"noopener\"><span class=\"xt0psk2\">Shotokan Karate Club Elbeuf<\/span><\/a><\/span>\u00a0pour leur remarquable implication et la qualit\u00e9 du travail r\u00e9alis\u00e9 au sein du club\u00a0<span class=\"html-span xexx8yu x4uap5 x18d9i69 xkhd6sd x1hl2dhg x16tdsg8 x1vvkbs x3nfvp2 x1j61x8r x1fcty0u xdj266r xhhsvwb xat24cr xgzva0m xxymvpz xlup9mm x1kky2od\"><img decoding=\"async\" class=\"xz74otr\" src=\"https:\/\/static.xx.fbcdn.net\/images\/emoji.php\/v9\/tfe\/1\/16\/1f44f.png\" alt=\"\ud83d\udc4f\" width=\"16\" height=\"16\" \/><\/span><span class=\"html-span xexx8yu x4uap5 x18d9i69 xkhd6sd x1hl2dhg x16tdsg8 x1vvkbs x3nfvp2 x1j61x8r x1fcty0u xdj266r xhhsvwb xat24cr xgzva0m xxymvpz xlup9mm x1kky2od\"><img decoding=\"async\" class=\"xz74otr\" src=\"https:\/\/static.xx.fbcdn.net\/images\/emoji.php\/v9\/tfe\/1\/16\/1f44f.png\" alt=\"\ud83d\udc4f\" width=\"16\" height=\"16\" \/><\/span><span class=\"html-span xexx8yu x4uap5 x18d9i69 xkhd6sd x1hl2dhg x16tdsg8 x1vvkbs x3nfvp2 x1j61x8r x1fcty0u xdj266r xhhsvwb xat24cr xgzva0m xxymvpz xlup9mm x1kky2od\"><img decoding=\"async\" class=\"xz74otr\" src=\"https:\/\/static.xx.fbcdn.net\/images\/emoji.php\/v9\/tfe\/1\/16\/1f44f.png\" alt=\"\ud83d\udc4f\" width=\"16\" height=\"16\" \/><\/span><\/p>\n<p>Extrait de la liaison des M\u00e9daill\u00e9s de la jeunesse, des sports et de l\u2019engagement associatif de la Seine-Maritime. Le karat\u00e9 d\u2019Elbeuf \u00e0 l\u2019honneur : remise de r\u00e9compenses dans le cadre du b\u00e9n\u00e9volat, la lutte contre les violences sexistes et sexuelles dans le sport et harc\u00e8lement, sport et autisme\u00a0<span class=\"html-span xexx8yu x4uap5 x18d9i69 xkhd6sd x1hl2dhg x16tdsg8 x1vvkbs x3nfvp2 x1j61x8r x1fcty0u xdj266r xhhsvwb xat24cr xgzva0m xxymvpz xlup9mm x1kky2od\"><img decoding=\"async\" class=\"xz74otr\" src=\"https:\/\/static.xx.fbcdn.net\/images\/emoji.php\/v9\/t7b\/1\/16\/1f44c.png\" alt=\"\ud83d\udc4c\" width=\"16\" height=\"16\" \/><\/span><span class=\"html-span xexx8yu x4uap5 x18d9i69 xkhd6sd x1hl2dhg x16tdsg8 x1vvkbs x3nfvp2 x1j61x8r x1fcty0u xdj266r xhhsvwb xat24cr xgzva0m xxymvpz xlup9mm x1kky2od\"><img decoding=\"async\" class=\"xz74otr\" src=\"https:\/\/static.xx.fbcdn.net\/images\/emoji.php\/v9\/t6c\/1\/16\/2764.png\" alt=\"\u2764\ufe0f\" width=\"16\" height=\"16\" \/><\/span><span class=\"html-span xexx8yu x4uap5 x18d9i69 xkhd6sd x1hl2dhg x16tdsg8 x1vvkbs x3nfvp2 x1j61x8r x1fcty0u xdj266r xhhsvwb xat24cr xgzva0m xxymvpz xlup9mm x1kky2od\"><img decoding=\"async\" class=\"xz74otr\" src=\"https:\/\/static.xx.fbcdn.net\/images\/emoji.php\/v9\/t3f\/1\/16\/1f94b.png\" alt=\"\ud83e\udd4b\" width=\"16\" height=\"16\" \/><\/span><\/p>\n<p><a href=\"https:\/\/sites.ffkarate.fr\/seinemaritime\/wp-content\/uploads\/sites\/91\/2024\/05\/444224504_854394446685432_4493983838466223911_n.jpg\"><img decoding=\"async\" class=\"alignnone size-full wp-image-3575\" src=\"https:\/\/sites.ffkarate.fr\/seinemaritime\/wp-content\/uploads\/sites\/91\/2024\/05\/444224504_854394446685432_4493983838466223911_n.jpg\" alt=\"\" width=\"1463\" height=\"2048\" srcset=\"https:\/\/sites.ffkarate.fr\/seinemaritime\/wp-content\/uploads\/sites\/91\/2024\/05\/444224504_854394446685432_4493983838466223911_n.jpg 1463w, https:\/\/sites.ffkarate.fr\/seinemaritime\/wp-content\/uploads\/sites\/91\/2024\/05\/444224504_854394446685432_4493983838466223911_n-214x300.jpg 214w, https:\/\/sites.ffkarate.fr\/seinemaritime\/wp-content\/uploads\/sites\/91\/2024\/05\/444224504_854394446685432_4493983838466223911_n-732x1024.jpg 732w, https:\/\/sites.ffkarate.fr\/seinemaritime\/wp-content\/uploads\/sites\/91\/2024\/05\/444224504_854394446685432_4493983838466223911_n-768x1075.jpg 768w, https:\/\/sites.ffkarate.fr\/seinemaritime\/wp-content\/uploads\/sites\/91\/2024\/05\/444224504_854394446685432_4493983838466223911_n-1097x1536.jpg 1097w\" sizes=\"(max-width: 1463px) 100vw, 1463px\" \/><\/a>[\/vc_column_text][\/vc_column][\/vc_row]<\/p>\n<\/div>","protected":false},"excerpt":{"rendered":"<p>[vc_row][vc_column][vc_column_text]F\u00e9licitations aux dirigeants, enseignants et b\u00e9n\u00e9voles du\u00a0Shotokan Karate Club Elbeuf\u00a0pour leur remarquable implication et la qualit\u00e9 du travail r\u00e9alis\u00e9 au sein du club\u00a0 Extrait de la liaison des M\u00e9daill\u00e9s de la jeunesse, des sports et de l\u2019engagement associatif de la Seine-Maritime. Le karat\u00e9 d\u2019Elbeuf \u00e0 l\u2019honneur : remise de r\u00e9compenses dans le cadre du b\u00e9n\u00e9volat, [&hellip;]<\/p>\n","protected":false},"author":57,"featured_media":2312,"comment_status":"closed","ping_status":"closed","sticky":false,"template":"","format":"standard","meta":{"footnotes":""},"categories":[5],"tags":[],"class_list":["post-3576","post","type-post","status-publish","format-standard","hentry","category-actualites"],"_links":{"self":[{"href":"https:\/\/sites.ffkarate.fr\/seinemaritime\/wp-json\/wp\/v2\/posts\/3576","targetHints":{"allow":["GET"]}}],"collection":[{"href":"https:\/\/sites.ffkarate.fr\/seinemaritime\/wp-json\/wp\/v2\/posts"}],"about":[{"href":"https:\/\/sites.ffkarate.fr\/seinemaritime\/wp-json\/wp\/v2\/types\/post"}],"author":[{"embeddable":true,"href":"https:\/\/sites.ffkarate.fr\/seinemaritime\/wp-json\/wp\/v2\/users\/57"}],"replies":[{"embeddable":true,"href":"https:\/\/sites.ffkarate.fr\/seinemaritime\/wp-json\/wp\/v2\/comments?post=3576"}],"version-history":[{"count":3,"href":"https:\/\/sites.ffkarate.fr\/seinemaritime\/wp-json\/wp\/v2\/posts\/3576\/revisions"}],"predecessor-version":[{"id":3579,"href":"https:\/\/sites.ffkarate.fr\/seinemaritime\/wp-json\/wp\/v2\/posts\/3576\/revisions\/3579"}],"wp:featuredmedia":[{"embeddable":true,"href":"https:\/\/sites.ffkarate.fr\/seinemaritime\/wp-json\/wp\/v2\/media\/2312"}],"wp:attachment":[{"href":"https:\/\/sites.ffkarate.fr\/seinemaritime\/wp-json\/wp\/v2\/media?parent=3576"}],"wp:term":[{"taxonomy":"category","embeddable":true,"href":"https:\/\/sites.ffkarate.fr\/seinemaritime\/wp-json\/wp\/v2\/categories?post=3576"},{"taxonomy":"post_tag","embeddable":true,"href":"https:\/\/sites.ffkarate.fr\/seinemaritime\/wp-json\/wp\/v2\/tags?post=3576"}],"curies":[{"name":"wp","href":"https:\/\/api.w.org\/{rel}","templated":true}]}}