{"id":3600,"date":"2024-06-01T18:51:15","date_gmt":"2024-06-01T16:51:15","guid":{"rendered":"https:\/\/sites.ffkarate.fr\/seinemaritime\/?p=3600"},"modified":"2024-06-02T12:06:26","modified_gmt":"2024-06-02T10:06:26","slug":"coupe-de-france-combat-zone-nord-minimes-cadets-juniors-ce-samedi-a-troyes","status":"publish","type":"post","link":"https:\/\/sites.ffkarate.fr\/seinemaritime\/2024\/06\/01\/coupe-de-france-combat-zone-nord-minimes-cadets-juniors-ce-samedi-a-troyes\/","title":{"rendered":"Coupe de France combat zone nord minimes, cadets, juniors ce samedi \u00e0 Troyes."},"content":{"rendered":"<div class=\"wpb-content-wrapper\"><p>[vc_row][vc_column][vc_column_text]<\/p>\n<div dir=\"auto\">F\u00e9licitations \u00e0 Cameron Savalle, qui est mont\u00e9 sur la plus haute marche du podium en cat\u00e9gorie minime -40kg.<\/div>\n<div dir=\"auto\">De tr\u00e8s beaux combats malgr\u00e9 une blessure au pied.<\/div>\n<div dir=\"auto\">Cette m\u00e9daille d&rsquo;or <span class=\"html-span xexx8yu x4uap5 x18d9i69 xkhd6sd x1hl2dhg x16tdsg8 x1vvkbs x3nfvp2 x1j61x8r x1fcty0u xdj266r xhhsvwb xat24cr xgzva0m xxymvpz xlup9mm x1kky2od\"><img decoding=\"async\" class=\"xz74otr\" src=\"https:\/\/static.xx.fbcdn.net\/images\/emoji.php\/v9\/t3d\/1\/16\/1f3c5.png\" alt=\"\ud83c\udfc5\" width=\"16\" height=\"16\" \/><\/span> clos une belle saison avec plusieurs podiums au national.<\/div>\n<div dir=\"auto\">F\u00e9licitations \u00e0 R\u00e9gis qui l&rsquo;a coach\u00e9 et \u00e0 Carim ses professeurs. <span class=\"html-span xexx8yu x4uap5 x18d9i69 xkhd6sd x1hl2dhg x16tdsg8 x1vvkbs x3nfvp2 x1j61x8r x1fcty0u xdj266r xhhsvwb xat24cr xgzva0m xxymvpz xlup9mm x1kky2od\"><img decoding=\"async\" class=\"xz74otr\" src=\"https:\/\/static.xx.fbcdn.net\/images\/emoji.php\/v9\/t6c\/1\/16\/1f4aa.png\" alt=\"\ud83d\udcaa\" width=\"16\" height=\"16\" \/><\/span><span class=\"html-span xexx8yu x4uap5 x18d9i69 xkhd6sd x1hl2dhg x16tdsg8 x1vvkbs x3nfvp2 x1j61x8r x1fcty0u xdj266r xhhsvwb xat24cr xgzva0m xxymvpz xlup9mm x1kky2od\"><img decoding=\"async\" class=\"xz74otr\" src=\"https:\/\/static.xx.fbcdn.net\/images\/emoji.php\/v9\/t3f\/1\/16\/1f94b.png\" alt=\"\ud83e\udd4b\" width=\"16\" height=\"16\" \/><\/span><span class=\"html-span xexx8yu x4uap5 x18d9i69 xkhd6sd x1hl2dhg x16tdsg8 x1vvkbs x3nfvp2 x1j61x8r x1fcty0u xdj266r xhhsvwb xat24cr xgzva0m xxymvpz xlup9mm x1kky2od\"><img decoding=\"async\" class=\"xz74otr\" src=\"https:\/\/static.xx.fbcdn.net\/images\/emoji.php\/v9\/tfe\/1\/16\/1f44f.png\" alt=\"\ud83d\udc4f\" width=\"16\" height=\"16\" \/><\/span><span class=\"html-span xexx8yu x4uap5 x18d9i69 xkhd6sd x1hl2dhg x16tdsg8 x1vvkbs x3nfvp2 x1j61x8r x1fcty0u xdj266r xhhsvwb xat24cr xgzva0m xxymvpz xlup9mm x1kky2od\"><img decoding=\"async\" class=\"xz74otr\" src=\"https:\/\/static.xx.fbcdn.net\/images\/emoji.php\/v9\/tfe\/1\/16\/1f44f.png\" alt=\"\ud83d\udc4f\" width=\"16\" height=\"16\" \/><\/span><\/div>\n<div dir=\"auto\">Big up \u00e0 ses parents qui sont toujours pr\u00e9sent pour lui.<\/div>\n<div dir=\"auto\"><\/div>\n<p><a href=\"https:\/\/sites.ffkarate.fr\/seinemaritime\/wp-content\/uploads\/sites\/91\/2024\/06\/443736069_863882869069923_5366467577400893611_n.jpg\"><img decoding=\"async\" class=\"alignnone size-full wp-image-3594\" src=\"https:\/\/sites.ffkarate.fr\/seinemaritime\/wp-content\/uploads\/sites\/91\/2024\/06\/443736069_863882869069923_5366467577400893611_n.jpg\" alt=\"\" width=\"2048\" height=\"1153\" \/><\/a><a href=\"https:\/\/sites.ffkarate.fr\/seinemaritime\/wp-content\/uploads\/sites\/91\/2024\/06\/445798953_863883129069897_6253925466366573184_n.jpg\"><img decoding=\"async\" class=\"alignnone size-full wp-image-3595\" src=\"https:\/\/sites.ffkarate.fr\/seinemaritime\/wp-content\/uploads\/sites\/91\/2024\/06\/445798953_863883129069897_6253925466366573184_n.jpg\" alt=\"\" width=\"1153\" height=\"2048\" \/><\/a><a href=\"https:\/\/sites.ffkarate.fr\/seinemaritime\/wp-content\/uploads\/sites\/91\/2024\/06\/445810527_863882905736586_41667645287452304_n.jpg\"><img decoding=\"async\" class=\"alignnone size-full wp-image-3596\" src=\"https:\/\/sites.ffkarate.fr\/seinemaritime\/wp-content\/uploads\/sites\/91\/2024\/06\/445810527_863882905736586_41667645287452304_n.jpg\" alt=\"\" width=\"1056\" height=\"2048\" \/><\/a><a href=\"https:\/\/sites.ffkarate.fr\/seinemaritime\/wp-content\/uploads\/sites\/91\/2024\/06\/445810655_863883009069909_5372386426577647735_n.jpg\"><img decoding=\"async\" class=\"alignnone size-full wp-image-3597\" src=\"https:\/\/sites.ffkarate.fr\/seinemaritime\/wp-content\/uploads\/sites\/91\/2024\/06\/445810655_863883009069909_5372386426577647735_n.jpg\" alt=\"\" width=\"1153\" height=\"2048\" \/><\/a><a href=\"https:\/\/sites.ffkarate.fr\/seinemaritime\/wp-content\/uploads\/sites\/91\/2024\/06\/447253746_863882955736581_794969482583247700_n.jpg\"><img decoding=\"async\" class=\"alignnone size-full wp-image-3598\" src=\"https:\/\/sites.ffkarate.fr\/seinemaritime\/wp-content\/uploads\/sites\/91\/2024\/06\/447253746_863882955736581_794969482583247700_n.jpg\" alt=\"\" width=\"1153\" height=\"2048\" \/><\/a><a href=\"https:\/\/sites.ffkarate.fr\/seinemaritime\/wp-content\/uploads\/sites\/91\/2024\/06\/447402396_863883075736569_2406331148974252561_n.jpg\"><img decoding=\"async\" class=\"alignnone size-full wp-image-3599\" src=\"https:\/\/sites.ffkarate.fr\/seinemaritime\/wp-content\/uploads\/sites\/91\/2024\/06\/447402396_863883075736569_2406331148974252561_n.jpg\" alt=\"\" width=\"1153\" height=\"2048\" \/><\/a>. <a href=\"https:\/\/sites.ffkarate.fr\/seinemaritime\/wp-content\/uploads\/sites\/91\/2024\/06\/444487664_7622172587863347_3642553017316669387_n.jpg\"><img decoding=\"async\" class=\"alignnone size-full wp-image-3613\" src=\"https:\/\/sites.ffkarate.fr\/seinemaritime\/wp-content\/uploads\/sites\/91\/2024\/06\/444487664_7622172587863347_3642553017316669387_n.jpg\" alt=\"\" width=\"1536\" height=\"2048\" \/><\/a><a href=\"https:\/\/sites.ffkarate.fr\/seinemaritime\/wp-content\/uploads\/sites\/91\/2024\/06\/441896873_7622172381196701_4071626055313750693_n.jpg\"><img decoding=\"async\" class=\"alignnone size-full wp-image-3612\" src=\"https:\/\/sites.ffkarate.fr\/seinemaritime\/wp-content\/uploads\/sites\/91\/2024\/06\/441896873_7622172381196701_4071626055313750693_n.jpg\" alt=\"\" width=\"1536\" height=\"2048\" \/><\/a><a href=\"https:\/\/sites.ffkarate.fr\/seinemaritime\/wp-content\/uploads\/sites\/91\/2024\/06\/441896873_7622172381196701_4071626055313750693_n-1.jpg\"><img decoding=\"async\" class=\"alignnone size-full wp-image-3611\" src=\"https:\/\/sites.ffkarate.fr\/seinemaritime\/wp-content\/uploads\/sites\/91\/2024\/06\/441896873_7622172381196701_4071626055313750693_n-1.jpg\" alt=\"\" width=\"1536\" height=\"2048\" \/><\/a>[\/vc_column_text][\/vc_column][\/vc_row]<\/p>\n<\/div>","protected":false},"excerpt":{"rendered":"<p>[vc_row][vc_column][vc_column_text] F\u00e9licitations \u00e0 Cameron Savalle, qui est mont\u00e9 sur la plus haute marche du podium en cat\u00e9gorie minime -40kg. De tr\u00e8s beaux combats malgr\u00e9 une blessure au pied. Cette m\u00e9daille d&rsquo;or clos une belle saison avec plusieurs podiums au national. F\u00e9licitations \u00e0 R\u00e9gis qui l&rsquo;a coach\u00e9 et \u00e0 Carim ses professeurs. Big up \u00e0 ses [&hellip;]<\/p>\n","protected":false},"author":57,"featured_media":2312,"comment_status":"closed","ping_status":"closed","sticky":false,"template":"","format":"standard","meta":{"footnotes":""},"categories":[1],"tags":[],"class_list":["post-3600","post","type-post","status-publish","format-standard","hentry","category-non-classe"],"_links":{"self":[{"href":"https:\/\/sites.ffkarate.fr\/seinemaritime\/wp-json\/wp\/v2\/posts\/3600","targetHints":{"allow":["GET"]}}],"collection":[{"href":"https:\/\/sites.ffkarate.fr\/seinemaritime\/wp-json\/wp\/v2\/posts"}],"about":[{"href":"https:\/\/sites.ffkarate.fr\/seinemaritime\/wp-json\/wp\/v2\/types\/post"}],"author":[{"embeddable":true,"href":"https:\/\/sites.ffkarate.fr\/seinemaritime\/wp-json\/wp\/v2\/users\/57"}],"replies":[{"embeddable":true,"href":"https:\/\/sites.ffkarate.fr\/seinemaritime\/wp-json\/wp\/v2\/comments?post=3600"}],"version-history":[{"count":3,"href":"https:\/\/sites.ffkarate.fr\/seinemaritime\/wp-json\/wp\/v2\/posts\/3600\/revisions"}],"predecessor-version":[{"id":3614,"href":"https:\/\/sites.ffkarate.fr\/seinemaritime\/wp-json\/wp\/v2\/posts\/3600\/revisions\/3614"}],"wp:featuredmedia":[{"embeddable":true,"href":"https:\/\/sites.ffkarate.fr\/seinemaritime\/wp-json\/wp\/v2\/media\/2312"}],"wp:attachment":[{"href":"https:\/\/sites.ffkarate.fr\/seinemaritime\/wp-json\/wp\/v2\/media?parent=3600"}],"wp:term":[{"taxonomy":"category","embeddable":true,"href":"https:\/\/sites.ffkarate.fr\/seinemaritime\/wp-json\/wp\/v2\/categories?post=3600"},{"taxonomy":"post_tag","embeddable":true,"href":"https:\/\/sites.ffkarate.fr\/seinemaritime\/wp-json\/wp\/v2\/tags?post=3600"}],"curies":[{"name":"wp","href":"https:\/\/api.w.org\/{rel}","templated":true}]}}