{"id":3603,"date":"2024-06-01T21:14:40","date_gmt":"2024-06-01T19:14:40","guid":{"rendered":"https:\/\/sites.ffkarate.fr\/seinemaritime\/?p=3603"},"modified":"2024-06-01T21:14:40","modified_gmt":"2024-06-01T19:14:40","slug":"open-des-jeunes-de-seine-maritime","status":"publish","type":"post","link":"https:\/\/sites.ffkarate.fr\/seinemaritime\/2024\/06\/01\/open-des-jeunes-de-seine-maritime\/","title":{"rendered":"OPEN DES JEUNES DE SEINE MARITIME"},"content":{"rendered":"<div class=\"wpb-content-wrapper\"><p>[vc_row][vc_column][vc_column_text]<\/p>\n<div class=\"xdj266r x11i5rnm xat24cr x1mh8g0r x1vvkbs x126k92a\">\n<div dir=\"auto\">OPEN DES JEUNES DE SEINE MARITIME<\/div>\n<\/div>\n<div class=\"x11i5rnm xat24cr x1mh8g0r x1vvkbs xtlvy1s x126k92a\">\n<div dir=\"auto\">La salle est fin pr\u00eate pour accueillir nos jeunes comp\u00e9titeurs, demain au Petit-Quevilly.<\/div>\n<\/div>\n<div class=\"x11i5rnm xat24cr x1mh8g0r x1vvkbs xtlvy1s x126k92a\">\n<div dir=\"auto\">Nous ne rappellerons jamais assez l&rsquo;importance du travail des b\u00e9n\u00e9voles.<\/div>\n<\/div>\n<div class=\"x11i5rnm xat24cr x1mh8g0r x1vvkbs xtlvy1s x126k92a\">\n<div dir=\"auto\">D\u00e9part du camion \u00e0 15h30, du lieu de stockage, et installation dans la foul\u00e9e des \u00e9quipements et tatamis. Nous avons quitt\u00e9 la salle \u00e0 18h45.<\/div>\n<\/div>\n<div class=\"x11i5rnm xat24cr x1mh8g0r x1vvkbs xtlvy1s x126k92a\">\n<div dir=\"auto\">Un grand merci \u00e0 Fr\u00e9d\u00e9ric Bonnet et plusieurs de ses \u00e9l\u00e8ves, dont Kader Zenasni, \u00e0 Sylvie et Dominique Denise pour leur pr\u00e9cieuse contribution \u00e0 ces pr\u00e9paratifs <span class=\"html-span xexx8yu x4uap5 x18d9i69 xkhd6sd x1hl2dhg x16tdsg8 x1vvkbs x3nfvp2 x1j61x8r x1fcty0u xdj266r xhhsvwb xat24cr xgzva0m xxymvpz xlup9mm x1kky2od\"><img decoding=\"async\" class=\"xz74otr\" src=\"https:\/\/static.xx.fbcdn.net\/images\/emoji.php\/v9\/t80\/1\/16\/1f64f.png\" alt=\"\ud83d\ude4f\" width=\"16\" height=\"16\" \/><\/span><span class=\"html-span xexx8yu x4uap5 x18d9i69 xkhd6sd x1hl2dhg x16tdsg8 x1vvkbs x3nfvp2 x1j61x8r x1fcty0u xdj266r xhhsvwb xat24cr xgzva0m xxymvpz xlup9mm x1kky2od\"><img decoding=\"async\" class=\"xz74otr\" src=\"https:\/\/static.xx.fbcdn.net\/images\/emoji.php\/v9\/td1\/1\/16\/1f647.png\" alt=\"\ud83d\ude47\" width=\"16\" height=\"16\" \/><\/span><span class=\"html-span xexx8yu x4uap5 x18d9i69 xkhd6sd x1hl2dhg x16tdsg8 x1vvkbs x3nfvp2 x1j61x8r x1fcty0u xdj266r xhhsvwb xat24cr xgzva0m xxymvpz xlup9mm x1kky2od\"><img decoding=\"async\" class=\"xz74otr\" src=\"https:\/\/static.xx.fbcdn.net\/images\/emoji.php\/v9\/tbf\/1\/16\/1f647_200d_2640.png\" alt=\"\ud83d\ude47\u200d\u2640\ufe0f\" width=\"16\" height=\"16\" \/><\/span><\/div>\n<\/div>\n<div dir=\"auto\"><\/div>\n<div dir=\"auto\"><a href=\"https:\/\/sites.ffkarate.fr\/seinemaritime\/wp-content\/uploads\/sites\/91\/2024\/06\/445798965_786384350141887_7573594584726679282_n.jpg\"><img decoding=\"async\" class=\"alignnone size-full wp-image-3604\" src=\"https:\/\/sites.ffkarate.fr\/seinemaritime\/wp-content\/uploads\/sites\/91\/2024\/06\/445798965_786384350141887_7573594584726679282_n.jpg\" alt=\"\" width=\"720\" height=\"540\" \/><\/a><\/div>\n<p>[\/vc_column_text][\/vc_column][\/vc_row]<\/p>\n<\/div>","protected":false},"excerpt":{"rendered":"<p>[vc_row][vc_column][vc_column_text] OPEN DES JEUNES DE SEINE MARITIME La salle est fin pr\u00eate pour accueillir nos jeunes comp\u00e9titeurs, demain au Petit-Quevilly. Nous ne rappellerons jamais assez l&rsquo;importance du travail des b\u00e9n\u00e9voles. D\u00e9part du camion \u00e0 15h30, du lieu de stockage, et installation dans la foul\u00e9e des \u00e9quipements et tatamis. Nous avons quitt\u00e9 la salle \u00e0 18h45. [&hellip;]<\/p>\n","protected":false},"author":57,"featured_media":130,"comment_status":"closed","ping_status":"closed","sticky":false,"template":"","format":"standard","meta":{"footnotes":""},"categories":[10],"tags":[],"class_list":["post-3603","post","type-post","status-publish","format-standard","hentry","category-competitions"],"_links":{"self":[{"href":"https:\/\/sites.ffkarate.fr\/seinemaritime\/wp-json\/wp\/v2\/posts\/3603","targetHints":{"allow":["GET"]}}],"collection":[{"href":"https:\/\/sites.ffkarate.fr\/seinemaritime\/wp-json\/wp\/v2\/posts"}],"about":[{"href":"https:\/\/sites.ffkarate.fr\/seinemaritime\/wp-json\/wp\/v2\/types\/post"}],"author":[{"embeddable":true,"href":"https:\/\/sites.ffkarate.fr\/seinemaritime\/wp-json\/wp\/v2\/users\/57"}],"replies":[{"embeddable":true,"href":"https:\/\/sites.ffkarate.fr\/seinemaritime\/wp-json\/wp\/v2\/comments?post=3603"}],"version-history":[{"count":1,"href":"https:\/\/sites.ffkarate.fr\/seinemaritime\/wp-json\/wp\/v2\/posts\/3603\/revisions"}],"predecessor-version":[{"id":3607,"href":"https:\/\/sites.ffkarate.fr\/seinemaritime\/wp-json\/wp\/v2\/posts\/3603\/revisions\/3607"}],"wp:featuredmedia":[{"embeddable":true,"href":"https:\/\/sites.ffkarate.fr\/seinemaritime\/wp-json\/wp\/v2\/media\/130"}],"wp:attachment":[{"href":"https:\/\/sites.ffkarate.fr\/seinemaritime\/wp-json\/wp\/v2\/media?parent=3603"}],"wp:term":[{"taxonomy":"category","embeddable":true,"href":"https:\/\/sites.ffkarate.fr\/seinemaritime\/wp-json\/wp\/v2\/categories?post=3603"},{"taxonomy":"post_tag","embeddable":true,"href":"https:\/\/sites.ffkarate.fr\/seinemaritime\/wp-json\/wp\/v2\/tags?post=3603"}],"curies":[{"name":"wp","href":"https:\/\/api.w.org\/{rel}","templated":true}]}}