{"id":3802,"date":"2024-10-01T15:49:31","date_gmt":"2024-10-01T13:49:31","guid":{"rendered":"https:\/\/sites.ffkarate.fr\/seinemaritime\/?p=3802"},"modified":"2024-10-01T15:49:31","modified_gmt":"2024-10-01T13:49:31","slug":"remerciements","status":"publish","type":"post","link":"https:\/\/sites.ffkarate.fr\/seinemaritime\/2024\/10\/01\/remerciements\/","title":{"rendered":"Remerciements"},"content":{"rendered":"<div class=\"wpb-content-wrapper\"><p>[vc_row][vc_column][vc_column_text]<\/p>\n<div class=\"x11i5rnm xat24cr x1mh8g0r x1vvkbs xtlvy1s x126k92a\">\n<div dir=\"auto\">Les membres du comit\u00e9 directeur de la\u00a0<span class=\"html-span xdj266r x11i5rnm xat24cr x1mh8g0r xexx8yu x4uap5 x18d9i69 xkhd6sd x1hl2dhg x16tdsg8 x1vvkbs\"><a class=\"x1i10hfl xjbqb8w x1ejq31n xd10rxx x1sy0etr x17r0tee x972fbf xcfux6l x1qhh985 xm0m39n x9f619 x1ypdohk xt0psk2 xe8uvvx xdj266r x11i5rnm xat24cr x1mh8g0r xexx8yu x4uap5 x18d9i69 xkhd6sd x16tdsg8 x1hl2dhg xggy1nq x1a2a7pz x1sur9pj xkrqix3 x1fey0fg x1s688f\" role=\"link\" href=\"https:\/\/www.facebook.com\/liguedenormandiekarate?__cft__[0]=AZXXutQpsdEM_-IZcmaqcVUM-0aXGLJj6huvBB2FVE6a23kYjllFx7iVqUI_e2HvHDymTolYwJzPfFK5au52NvOS6GQGjy0dkCJrW4_5WSmNFbLP1hQRVGtM3VSG9brR0VZz_MvbeHSkCDONCcVBHfGn1BQVJkOV_pYa90xGGQIiX-dRtBhG-ZaB7-sG94vypkmc39--Ro4fcH6iVR-02XnF9pJUCmpaNasgCwR0h9IEcQ&amp;__tn__=-]K-R\" target=\"_blank\" rel=\"noopener\"><span class=\"xt0psk2\">Ligue de Normandie Karat\u00e9<\/span><\/a><\/span>\u00a0s\u2019associent \u00e0 la famille d\u2019Antoine ROSA pour vous exprimer ses plus sinc\u00e8res remerciements. Profond\u00e9ment touch\u00e9s de la sympathie dont vous avez fait preuve, par votre pr\u00e9sence, par vos fleurs et vos paroles de r\u00e9confort, vous nous avez montr\u00e9 de beaux gestes d\u2019amiti\u00e9 \u00e0 la suite du deuil qui vient de nous affecter.<\/div>\n<\/div>\n<div class=\"x11i5rnm xat24cr x1mh8g0r x1vvkbs xtlvy1s x126k92a\">\n<div dir=\"auto\">Nous vous exprimons notre reconnaissance \u00e9mue\u00a0<span class=\"html-span xexx8yu x4uap5 x18d9i69 xkhd6sd x1hl2dhg x16tdsg8 x1vvkbs x3nfvp2 x1j61x8r x1fcty0u xdj266r xat24cr xgzva0m xhhsvwb xxymvpz xlup9mm x1kky2od\"><img decoding=\"async\" class=\"xz74otr\" src=\"https:\/\/static.xx.fbcdn.net\/images\/emoji.php\/v9\/t80\/1\/16\/1f64f.png\" alt=\"\ud83d\ude4f\" width=\"16\" height=\"16\" \/><\/span><\/div>\n<\/div>\n<div class=\"x11i5rnm xat24cr x1mh8g0r x1vvkbs xtlvy1s x126k92a\">\n<div dir=\"auto\">A la fin, ce qui compte, ce ne sont pas les ann\u00e9es qu\u2019il y a eu dans la vie. C\u2019est la vie qu\u2019il y a eu dans les ann\u00e9es. Abraham LINCOLN<\/div>\n<\/div>\n<div dir=\"auto\"><\/div>\n<p><a href=\"https:\/\/sites.ffkarate.fr\/seinemaritime\/wp-content\/uploads\/sites\/91\/2024\/10\/461722745_1091057189692709_8972910934642204290_n.jpg\"><img decoding=\"async\" class=\"alignnone size-full wp-image-3801\" src=\"https:\/\/sites.ffkarate.fr\/seinemaritime\/wp-content\/uploads\/sites\/91\/2024\/10\/461722745_1091057189692709_8972910934642204290_n.jpg\" alt=\"\" width=\"526\" height=\"701\" srcset=\"https:\/\/sites.ffkarate.fr\/seinemaritime\/wp-content\/uploads\/sites\/91\/2024\/10\/461722745_1091057189692709_8972910934642204290_n.jpg 526w, https:\/\/sites.ffkarate.fr\/seinemaritime\/wp-content\/uploads\/sites\/91\/2024\/10\/461722745_1091057189692709_8972910934642204290_n-225x300.jpg 225w\" sizes=\"(max-width: 526px) 100vw, 526px\" \/><\/a>.[\/vc_column_text][\/vc_column][\/vc_row]<\/p>\n<\/div>","protected":false},"excerpt":{"rendered":"<p>[vc_row][vc_column][vc_column_text] Les membres du comit\u00e9 directeur de la\u00a0Ligue de Normandie Karat\u00e9\u00a0s\u2019associent \u00e0 la famille d\u2019Antoine ROSA pour vous exprimer ses plus sinc\u00e8res remerciements. Profond\u00e9ment touch\u00e9s de la sympathie dont vous avez fait preuve, par votre pr\u00e9sence, par vos fleurs et vos paroles de r\u00e9confort, vous nous avez montr\u00e9 de beaux gestes d\u2019amiti\u00e9 \u00e0 la suite [&hellip;]<\/p>\n","protected":false},"author":57,"featured_media":3347,"comment_status":"closed","ping_status":"closed","sticky":false,"template":"","format":"standard","meta":{"footnotes":""},"categories":[1],"tags":[],"class_list":["post-3802","post","type-post","status-publish","format-standard","hentry","category-non-classe"],"_links":{"self":[{"href":"https:\/\/sites.ffkarate.fr\/seinemaritime\/wp-json\/wp\/v2\/posts\/3802","targetHints":{"allow":["GET"]}}],"collection":[{"href":"https:\/\/sites.ffkarate.fr\/seinemaritime\/wp-json\/wp\/v2\/posts"}],"about":[{"href":"https:\/\/sites.ffkarate.fr\/seinemaritime\/wp-json\/wp\/v2\/types\/post"}],"author":[{"embeddable":true,"href":"https:\/\/sites.ffkarate.fr\/seinemaritime\/wp-json\/wp\/v2\/users\/57"}],"replies":[{"embeddable":true,"href":"https:\/\/sites.ffkarate.fr\/seinemaritime\/wp-json\/wp\/v2\/comments?post=3802"}],"version-history":[{"count":2,"href":"https:\/\/sites.ffkarate.fr\/seinemaritime\/wp-json\/wp\/v2\/posts\/3802\/revisions"}],"predecessor-version":[{"id":3804,"href":"https:\/\/sites.ffkarate.fr\/seinemaritime\/wp-json\/wp\/v2\/posts\/3802\/revisions\/3804"}],"wp:featuredmedia":[{"embeddable":true,"href":"https:\/\/sites.ffkarate.fr\/seinemaritime\/wp-json\/wp\/v2\/media\/3347"}],"wp:attachment":[{"href":"https:\/\/sites.ffkarate.fr\/seinemaritime\/wp-json\/wp\/v2\/media?parent=3802"}],"wp:term":[{"taxonomy":"category","embeddable":true,"href":"https:\/\/sites.ffkarate.fr\/seinemaritime\/wp-json\/wp\/v2\/categories?post=3802"},{"taxonomy":"post_tag","embeddable":true,"href":"https:\/\/sites.ffkarate.fr\/seinemaritime\/wp-json\/wp\/v2\/tags?post=3802"}],"curies":[{"name":"wp","href":"https:\/\/api.w.org\/{rel}","templated":true}]}}