{"id":3883,"date":"2024-11-15T08:10:51","date_gmt":"2024-11-15T07:10:51","guid":{"rendered":"https:\/\/sites.ffkarate.fr\/seinemaritime\/?p=3883"},"modified":"2024-11-15T08:11:38","modified_gmt":"2024-11-15T07:11:38","slug":"coupe-de-france-nord-karate-mix","status":"publish","type":"post","link":"https:\/\/sites.ffkarate.fr\/seinemaritime\/2024\/11\/15\/coupe-de-france-nord-karate-mix\/","title":{"rendered":"Coupe de France Nord Karate Mix"},"content":{"rendered":"<div class=\"wpb-content-wrapper\"><p>[vc_row][vc_column][vc_column_text]<\/p>\n<div dir=\"auto\">Coupe de France Nord Karate Mix<\/div>\n<div dir=\"auto\">4 comp\u00e9titeurs ont repr\u00e9sent\u00e9 le club :<\/div>\n<div dir=\"auto\">Ana\u00ebl Durel (+68 kg) <span class=\"html-span xexx8yu x4uap5 x18d9i69 xkhd6sd x1hl2dhg x16tdsg8 x1vvkbs x3nfvp2 x1j61x8r x1fcty0u xdj266r xat24cr xgzva0m xhhsvwb xxymvpz xlup9mm x1kky2od\"><img decoding=\"async\" class=\"xz74otr\" src=\"https:\/\/static.xx.fbcdn.net\/images\/emoji.php\/v9\/t96\/1\/16\/1f949.png\" alt=\"\ud83e\udd49\" width=\"16\" height=\"16\" \/><\/span><\/div>\n<div dir=\"auto\">Mathieu Chapuis (-92 kg) <span class=\"html-span xexx8yu x4uap5 x18d9i69 xkhd6sd x1hl2dhg x16tdsg8 x1vvkbs x3nfvp2 x1j61x8r x1fcty0u xdj266r xat24cr xgzva0m xhhsvwb xxymvpz xlup9mm x1kky2od\"><img decoding=\"async\" class=\"xz74otr\" src=\"https:\/\/static.xx.fbcdn.net\/images\/emoji.php\/v9\/t15\/1\/16\/1f948.png\" alt=\"\ud83e\udd48\" width=\"16\" height=\"16\" \/><\/span><\/div>\n<div dir=\"auto\">Romain Anquetil (-78kg)<\/div>\n<div dir=\"auto\">Lorenzo Lacombe Godard (-78 kg)<\/div>\n<div dir=\"auto\"><span class=\"html-span xdj266r x11i5rnm xat24cr x1mh8g0r xexx8yu x4uap5 x18d9i69 xkhd6sd x1hl2dhg x16tdsg8 x1vvkbs\"><a class=\"x1i10hfl xjbqb8w x1ejq31n xd10rxx x1sy0etr x17r0tee x972fbf xcfux6l x1qhh985 xm0m39n x9f619 x1ypdohk xt0psk2 xe8uvvx xdj266r x11i5rnm xat24cr x1mh8g0r xexx8yu x4uap5 x18d9i69 xkhd6sd x16tdsg8 x1hl2dhg xggy1nq x1a2a7pz x1sur9pj xkrqix3 x1fey0fg x1s688f\" role=\"link\" href=\"https:\/\/www.facebook.com\/karateseinemaritime?__cft__[0]=AZWIt_Qtt0mEry_PzF51j7mQoTmSjbhh_4v8km3aSQD85KkJ9-pte5HYafhbZPzS5QwQ9hGpiByC_M_xiAt4liJQRnf6GecL_XQ7ym0NFbVZ6PZcLy-LsdL_8_XHNIive_t2Tfveun572oAFPn8yrccBrowSd2qpa1TBhDBv-wB2vG6qqxPkANnnSt00Ko6RJzi-_fRSKHggFBEtR7sCwh_wxuI2Tul1Smwe1jnyZ0Os0A&amp;__tn__=-]K-y-R\" target=\"_blank\" rel=\"noopener\"><span class=\"xt0psk2\">Comit\u00e9 d\u00e9partemental de karat\u00e9 et disciplines associ\u00e9es de Seine Maritime<\/span><\/a><\/span><\/div>\n<div dir=\"auto\"><span class=\"html-span xdj266r x11i5rnm xat24cr x1mh8g0r xexx8yu x4uap5 x18d9i69 xkhd6sd x1hl2dhg x16tdsg8 x1vvkbs\"><a class=\"x1i10hfl xjbqb8w x1ejq31n xd10rxx x1sy0etr x17r0tee x972fbf xcfux6l x1qhh985 xm0m39n x9f619 x1ypdohk xt0psk2 xe8uvvx xdj266r x11i5rnm xat24cr x1mh8g0r xexx8yu x4uap5 x18d9i69 xkhd6sd x16tdsg8 x1hl2dhg xggy1nq x1a2a7pz x1sur9pj xkrqix3 x1fey0fg x1s688f\" role=\"link\" href=\"https:\/\/www.facebook.com\/liguedenormandiekarate?__cft__[0]=AZWIt_Qtt0mEry_PzF51j7mQoTmSjbhh_4v8km3aSQD85KkJ9-pte5HYafhbZPzS5QwQ9hGpiByC_M_xiAt4liJQRnf6GecL_XQ7ym0NFbVZ6PZcLy-LsdL_8_XHNIive_t2Tfveun572oAFPn8yrccBrowSd2qpa1TBhDBv-wB2vG6qqxPkANnnSt00Ko6RJzi-_fRSKHggFBEtR7sCwh_wxuI2Tul1Smwe1jnyZ0Os0A&amp;__tn__=-]K-y-R\" target=\"_blank\" rel=\"noopener\"><span class=\"xt0psk2\">Ligue de Normandie Karat\u00e9<\/span><\/a><\/span><\/div>\n<div dir=\"auto\"><\/div>\n<div dir=\"auto\"><\/div>\n<div dir=\"auto\"><\/div>\n<div dir=\"auto\"><\/div>\n<div dir=\"auto\"><a href=\"https:\/\/sites.ffkarate.fr\/seinemaritime\/wp-content\/uploads\/sites\/91\/2024\/11\/466676359_545971101522461_1401900200524845801_n.jpg\"><img decoding=\"async\" class=\"alignnone size-full wp-image-3882\" src=\"https:\/\/sites.ffkarate.fr\/seinemaritime\/wp-content\/uploads\/sites\/91\/2024\/11\/466676359_545971101522461_1401900200524845801_n.jpg\" alt=\"\" width=\"1822\" height=\"1216\" \/><\/a><a href=\"https:\/\/sites.ffkarate.fr\/seinemaritime\/wp-content\/uploads\/sites\/91\/2024\/11\/466489575_545971054855799_983097160819714314_n.jpg\"><img decoding=\"async\" class=\"alignnone size-full wp-image-3881\" src=\"https:\/\/sites.ffkarate.fr\/seinemaritime\/wp-content\/uploads\/sites\/91\/2024\/11\/466489575_545971054855799_983097160819714314_n.jpg\" alt=\"\" width=\"1824\" height=\"1220\" srcset=\"https:\/\/sites.ffkarate.fr\/seinemaritime\/wp-content\/uploads\/sites\/91\/2024\/11\/466489575_545971054855799_983097160819714314_n.jpg 1824w, https:\/\/sites.ffkarate.fr\/seinemaritime\/wp-content\/uploads\/sites\/91\/2024\/11\/466489575_545971054855799_983097160819714314_n-300x201.jpg 300w, https:\/\/sites.ffkarate.fr\/seinemaritime\/wp-content\/uploads\/sites\/91\/2024\/11\/466489575_545971054855799_983097160819714314_n-1024x685.jpg 1024w, https:\/\/sites.ffkarate.fr\/seinemaritime\/wp-content\/uploads\/sites\/91\/2024\/11\/466489575_545971054855799_983097160819714314_n-768x514.jpg 768w, https:\/\/sites.ffkarate.fr\/seinemaritime\/wp-content\/uploads\/sites\/91\/2024\/11\/466489575_545971054855799_983097160819714314_n-1536x1027.jpg 1536w\" sizes=\"(max-width: 1824px) 100vw, 1824px\" \/><\/a><a href=\"https:\/\/sites.ffkarate.fr\/seinemaritime\/wp-content\/uploads\/sites\/91\/2024\/11\/466422011_545970824855822_1724004519843558417_n.jpg\"><img decoding=\"async\" class=\"alignnone size-full wp-image-3880\" src=\"https:\/\/sites.ffkarate.fr\/seinemaritime\/wp-content\/uploads\/sites\/91\/2024\/11\/466422011_545970824855822_1724004519843558417_n.jpg\" alt=\"\" width=\"1084\" height=\"1222\" srcset=\"https:\/\/sites.ffkarate.fr\/seinemaritime\/wp-content\/uploads\/sites\/91\/2024\/11\/466422011_545970824855822_1724004519843558417_n.jpg 1084w, https:\/\/sites.ffkarate.fr\/seinemaritime\/wp-content\/uploads\/sites\/91\/2024\/11\/466422011_545970824855822_1724004519843558417_n-266x300.jpg 266w, https:\/\/sites.ffkarate.fr\/seinemaritime\/wp-content\/uploads\/sites\/91\/2024\/11\/466422011_545970824855822_1724004519843558417_n-908x1024.jpg 908w, https:\/\/sites.ffkarate.fr\/seinemaritime\/wp-content\/uploads\/sites\/91\/2024\/11\/466422011_545970824855822_1724004519843558417_n-768x866.jpg 768w\" sizes=\"(max-width: 1084px) 100vw, 1084px\" \/><\/a><\/div>\n<p>[\/vc_column_text][\/vc_column][\/vc_row]<\/p>\n<\/div>","protected":false},"excerpt":{"rendered":"<p>[vc_row][vc_column][vc_column_text] Coupe de France Nord Karate Mix 4 comp\u00e9titeurs ont repr\u00e9sent\u00e9 le club : Ana\u00ebl Durel (+68 kg) Mathieu Chapuis (-92 kg) Romain Anquetil (-78kg) Lorenzo Lacombe Godard (-78 kg) Comit\u00e9 d\u00e9partemental de karat\u00e9 et disciplines associ\u00e9es de Seine Maritime Ligue de Normandie Karat\u00e9 [\/vc_column_text][\/vc_column][\/vc_row]<\/p>\n","protected":false},"author":57,"featured_media":840,"comment_status":"closed","ping_status":"closed","sticky":false,"template":"","format":"standard","meta":{"footnotes":""},"categories":[16],"tags":[],"class_list":["post-3883","post","type-post","status-publish","format-standard","hentry","category-karate-mix"],"_links":{"self":[{"href":"https:\/\/sites.ffkarate.fr\/seinemaritime\/wp-json\/wp\/v2\/posts\/3883","targetHints":{"allow":["GET"]}}],"collection":[{"href":"https:\/\/sites.ffkarate.fr\/seinemaritime\/wp-json\/wp\/v2\/posts"}],"about":[{"href":"https:\/\/sites.ffkarate.fr\/seinemaritime\/wp-json\/wp\/v2\/types\/post"}],"author":[{"embeddable":true,"href":"https:\/\/sites.ffkarate.fr\/seinemaritime\/wp-json\/wp\/v2\/users\/57"}],"replies":[{"embeddable":true,"href":"https:\/\/sites.ffkarate.fr\/seinemaritime\/wp-json\/wp\/v2\/comments?post=3883"}],"version-history":[{"count":3,"href":"https:\/\/sites.ffkarate.fr\/seinemaritime\/wp-json\/wp\/v2\/posts\/3883\/revisions"}],"predecessor-version":[{"id":3886,"href":"https:\/\/sites.ffkarate.fr\/seinemaritime\/wp-json\/wp\/v2\/posts\/3883\/revisions\/3886"}],"wp:featuredmedia":[{"embeddable":true,"href":"https:\/\/sites.ffkarate.fr\/seinemaritime\/wp-json\/wp\/v2\/media\/840"}],"wp:attachment":[{"href":"https:\/\/sites.ffkarate.fr\/seinemaritime\/wp-json\/wp\/v2\/media?parent=3883"}],"wp:term":[{"taxonomy":"category","embeddable":true,"href":"https:\/\/sites.ffkarate.fr\/seinemaritime\/wp-json\/wp\/v2\/categories?post=3883"},{"taxonomy":"post_tag","embeddable":true,"href":"https:\/\/sites.ffkarate.fr\/seinemaritime\/wp-json\/wp\/v2\/tags?post=3883"}],"curies":[{"name":"wp","href":"https:\/\/api.w.org\/{rel}","templated":true}]}}