{"id":3914,"date":"2024-12-01T12:00:50","date_gmt":"2024-12-01T11:00:50","guid":{"rendered":"https:\/\/sites.ffkarate.fr\/seinemaritime\/?p=3914"},"modified":"2024-12-01T12:00:50","modified_gmt":"2024-12-01T11:00:50","slug":"pass-sport-2","status":"publish","type":"post","link":"https:\/\/sites.ffkarate.fr\/seinemaritime\/2024\/12\/01\/pass-sport-2\/","title":{"rendered":"Pass Sport"},"content":{"rendered":"<div class=\"wpb-content-wrapper\"><p>[vc_row][vc_column][vc_column_text]Nous comptons 94 clubs affili\u00e9s en Seine-Maritime mais seulement 53 clubs qui ont d\u00e9pos\u00e9 des demandes en faveur des b\u00e9n\u00e9ficiaires.<br class=\"html-br\" \/><br class=\"html-br\" \/>Nous vous invitons \u00e0 mobiliser ce dispositif qui permet d&rsquo;all\u00e9ger le co\u00fbt de l&rsquo;inscription et rend la pratique accessible au plus grand nombre.[\/vc_column_text][\/vc_column][\/vc_row]<\/p>\n<\/div>","protected":false},"excerpt":{"rendered":"<p>[vc_row][vc_column][vc_column_text]Nous comptons 94 clubs affili\u00e9s en Seine-Maritime mais seulement 53 clubs qui ont d\u00e9pos\u00e9 des demandes en faveur des b\u00e9n\u00e9ficiaires.Nous vous invitons \u00e0 mobiliser ce dispositif qui permet d&rsquo;all\u00e9ger le co\u00fbt de l&rsquo;inscription et rend la pratique accessible au plus grand nombre.[\/vc_column_text][\/vc_column][\/vc_row]<\/p>\n","protected":false},"author":57,"featured_media":3913,"comment_status":"closed","ping_status":"closed","sticky":false,"template":"","format":"standard","meta":{"footnotes":""},"categories":[1],"tags":[],"class_list":["post-3914","post","type-post","status-publish","format-standard","hentry","category-non-classe"],"_links":{"self":[{"href":"https:\/\/sites.ffkarate.fr\/seinemaritime\/wp-json\/wp\/v2\/posts\/3914","targetHints":{"allow":["GET"]}}],"collection":[{"href":"https:\/\/sites.ffkarate.fr\/seinemaritime\/wp-json\/wp\/v2\/posts"}],"about":[{"href":"https:\/\/sites.ffkarate.fr\/seinemaritime\/wp-json\/wp\/v2\/types\/post"}],"author":[{"embeddable":true,"href":"https:\/\/sites.ffkarate.fr\/seinemaritime\/wp-json\/wp\/v2\/users\/57"}],"replies":[{"embeddable":true,"href":"https:\/\/sites.ffkarate.fr\/seinemaritime\/wp-json\/wp\/v2\/comments?post=3914"}],"version-history":[{"count":2,"href":"https:\/\/sites.ffkarate.fr\/seinemaritime\/wp-json\/wp\/v2\/posts\/3914\/revisions"}],"predecessor-version":[{"id":3916,"href":"https:\/\/sites.ffkarate.fr\/seinemaritime\/wp-json\/wp\/v2\/posts\/3914\/revisions\/3916"}],"wp:featuredmedia":[{"embeddable":true,"href":"https:\/\/sites.ffkarate.fr\/seinemaritime\/wp-json\/wp\/v2\/media\/3913"}],"wp:attachment":[{"href":"https:\/\/sites.ffkarate.fr\/seinemaritime\/wp-json\/wp\/v2\/media?parent=3914"}],"wp:term":[{"taxonomy":"category","embeddable":true,"href":"https:\/\/sites.ffkarate.fr\/seinemaritime\/wp-json\/wp\/v2\/categories?post=3914"},{"taxonomy":"post_tag","embeddable":true,"href":"https:\/\/sites.ffkarate.fr\/seinemaritime\/wp-json\/wp\/v2\/tags?post=3914"}],"curies":[{"name":"wp","href":"https:\/\/api.w.org\/{rel}","templated":true}]}}