{"id":4107,"date":"2025-04-01T12:47:10","date_gmt":"2025-04-01T10:47:10","guid":{"rendered":"https:\/\/sites.ffkarate.fr\/seinemaritime\/?p=4107"},"modified":"2025-04-01T12:48:33","modified_gmt":"2025-04-01T10:48:33","slug":"deces-5","status":"publish","type":"post","link":"https:\/\/sites.ffkarate.fr\/seinemaritime\/2025\/04\/01\/deces-5\/","title":{"rendered":"D\u00e9c\u00e8s"},"content":{"rendered":"<div class=\"wpb-content-wrapper\"><p>[vc_row][vc_column][vc_column_text]<\/p>\n<div dir=\"auto\">Nous sommes attrist\u00e9s par cette nouvelle et pr\u00e9sentons nos sinc\u00e8res condol\u00e9ances \u00e0 sa famille et \u00e0 ses proches <span class=\"html-span xexx8yu x4uap5 x18d9i69 xkhd6sd x1hl2dhg x16tdsg8 x1vvkbs x3nfvp2 x1j61x8r x1fcty0u xdj266r xat24cr xgzva0m xhhsvwb xxymvpz xlup9mm x1kky2od\"><img decoding=\"async\" class=\"xz74otr x168nmei x13lgxp2 x5pf9jr xo71vjh\" src=\"https:\/\/static.xx.fbcdn.net\/images\/emoji.php\/v9\/te\/1\/16\/1f622.png\" alt=\"\ud83d\ude22\" width=\"16\" height=\"16\" \/><\/span><\/div>\n<div dir=\"auto\">Qu&rsquo;il repose en paix <span class=\"html-span xexx8yu x4uap5 x18d9i69 xkhd6sd x1hl2dhg x16tdsg8 x1vvkbs x3nfvp2 x1j61x8r x1fcty0u xdj266r xat24cr xgzva0m xhhsvwb xxymvpz xlup9mm x1kky2od\"><img decoding=\"async\" class=\"xz74otr x168nmei x13lgxp2 x5pf9jr xo71vjh\" src=\"https:\/\/static.xx.fbcdn.net\/images\/emoji.php\/v9\/t80\/1\/16\/1f64f.png\" alt=\"\ud83d\ude4f\" width=\"16\" height=\"16\" \/><\/span><\/div>\n<div dir=\"auto\"><\/div>\n<div dir=\"auto\"><a href=\"https:\/\/actu.fr\/normandie\/dieppe_76217\/longtemps-professeur-de-karate-a-dieppe-gerard-zammit-nous-a-quittes_62443745.html\" target=\"_blank\" rel=\"noopener\">https:\/\/actu.fr\/normandie\/dieppe_76217\/longtemps-professeur-de-karate-a-dieppe-gerard-zammit-nous-a-quittes_62443745.html<\/a><\/div>\n<p>[\/vc_column_text][\/vc_column][\/vc_row]<\/p>\n<\/div>","protected":false},"excerpt":{"rendered":"<p>[vc_row][vc_column][vc_column_text] Nous sommes attrist\u00e9s par cette nouvelle et pr\u00e9sentons nos sinc\u00e8res condol\u00e9ances \u00e0 sa famille et \u00e0 ses proches Qu&rsquo;il repose en paix https:\/\/actu.fr\/normandie\/dieppe_76217\/longtemps-professeur-de-karate-a-dieppe-gerard-zammit-nous-a-quittes_62443745.html [\/vc_column_text][\/vc_column][\/vc_row]<\/p>\n","protected":false},"author":57,"featured_media":3731,"comment_status":"open","ping_status":"open","sticky":false,"template":"","format":"standard","meta":{"footnotes":""},"categories":[5],"tags":[],"class_list":["post-4107","post","type-post","status-publish","format-standard","hentry","category-actualites"],"_links":{"self":[{"href":"https:\/\/sites.ffkarate.fr\/seinemaritime\/wp-json\/wp\/v2\/posts\/4107","targetHints":{"allow":["GET"]}}],"collection":[{"href":"https:\/\/sites.ffkarate.fr\/seinemaritime\/wp-json\/wp\/v2\/posts"}],"about":[{"href":"https:\/\/sites.ffkarate.fr\/seinemaritime\/wp-json\/wp\/v2\/types\/post"}],"author":[{"embeddable":true,"href":"https:\/\/sites.ffkarate.fr\/seinemaritime\/wp-json\/wp\/v2\/users\/57"}],"replies":[{"embeddable":true,"href":"https:\/\/sites.ffkarate.fr\/seinemaritime\/wp-json\/wp\/v2\/comments?post=4107"}],"version-history":[{"count":2,"href":"https:\/\/sites.ffkarate.fr\/seinemaritime\/wp-json\/wp\/v2\/posts\/4107\/revisions"}],"predecessor-version":[{"id":4111,"href":"https:\/\/sites.ffkarate.fr\/seinemaritime\/wp-json\/wp\/v2\/posts\/4107\/revisions\/4111"}],"wp:featuredmedia":[{"embeddable":true,"href":"https:\/\/sites.ffkarate.fr\/seinemaritime\/wp-json\/wp\/v2\/media\/3731"}],"wp:attachment":[{"href":"https:\/\/sites.ffkarate.fr\/seinemaritime\/wp-json\/wp\/v2\/media?parent=4107"}],"wp:term":[{"taxonomy":"category","embeddable":true,"href":"https:\/\/sites.ffkarate.fr\/seinemaritime\/wp-json\/wp\/v2\/categories?post=4107"},{"taxonomy":"post_tag","embeddable":true,"href":"https:\/\/sites.ffkarate.fr\/seinemaritime\/wp-json\/wp\/v2\/tags?post=4107"}],"curies":[{"name":"wp","href":"https:\/\/api.w.org\/{rel}","templated":true}]}}