{"id":855,"date":"2021-02-11T18:42:15","date_gmt":"2021-02-11T17:42:15","guid":{"rendered":"https:\/\/sites.ffkarate.fr\/seinemaritime\/?post_type=news&amp;p=855"},"modified":"2021-02-11T18:42:15","modified_gmt":"2021-02-11T17:42:15","slug":"stage-arbitrage-en-visio-restons-mobilises","status":"publish","type":"post","link":"https:\/\/sites.ffkarate.fr\/seinemaritime\/2021\/02\/11\/stage-arbitrage-en-visio-restons-mobilises\/","title":{"rendered":"STAGE ARBITRAGE EN VISIO, RESTONS MOBILIS\u00c9S\u2026"},"content":{"rendered":"<div class=\"wpb-content-wrapper\"><p>[vc_row][vc_column][vc_column_text]Le CDK 76 organise un stage d\u2019arbitrage en visio le<span style=\"color: #ff0000\"> <strong>samedi\u00a027 f\u00e9vrier<\/strong> <strong>2021<\/strong> <strong>de 17h30 \u00e0 19h00<\/strong>.<\/span><\/p>\n<p>Ce stage sera anim\u00e9 par<span style=\"color: #000000\"><strong> Isabelle TEURQUETY et Nathalie DUQUENNE .<\/strong><\/span><\/p>\n<p>Le stage est ouvert \u00e0 TOUS LES ARBITRES,PROFESSEURS,COACHS,LICENCIES DU D\u00c9PARTEMENT.<\/p>\n<p>Les inscriptions sont obligatoires avant le\u00a024 f\u00e9vrier pour recevoir le lien vers la visio sur l\u2019application ZOOM \u00e0 t\u00e9l\u00e9charger.<\/p>\n<p>Inscriptions :\u00a0<span style=\"color: #000000\"><strong><a style=\"color: #000000\" href=\"http:\/\/mailtocdka76@orange.fr\" target=\"_blank\" rel=\"noopener\">cdka76@orange.fr <\/a><\/strong><strong>\/ 06\u00a031\u00a081\u00a029\u00a007<\/strong><\/span><\/p>\n<p><a href=\"https:\/\/sites.ffkarate.fr\/seinemaritime\/wp-content\/uploads\/sites\/91\/2021\/02\/20210227-Visio-Arbitrage-76.png\"><img decoding=\"async\" class=\"alignnone size-medium wp-image-865\" src=\"https:\/\/sites.ffkarate.fr\/seinemaritime\/wp-content\/uploads\/sites\/91\/2021\/02\/20210227-Visio-Arbitrage-76-212x300.png\" alt=\"20210227 Visio Arbitrage 76\" width=\"212\" height=\"300\" \/><\/a>[\/vc_column_text][\/vc_column][\/vc_row]<\/p>\n<\/div>","protected":false},"excerpt":{"rendered":"<p>[vc_row][vc_column][vc_column_text]Le CDK 76 organise un stage d\u2019arbitrage en visio le samedi\u00a027 f\u00e9vrier 2021 de 17h30 \u00e0 19h00. Ce stage sera anim\u00e9 par Isabelle TEURQUETY et Nathalie DUQUENNE . Le stage est ouvert \u00e0 TOUS LES ARBITRES,PROFESSEURS,COACHS,LICENCIES DU D\u00c9PARTEMENT. Les inscriptions sont obligatoires avant le\u00a024 f\u00e9vrier pour recevoir le lien vers la visio sur l\u2019application ZOOM [&hellip;]<\/p>\n","protected":false},"author":57,"featured_media":0,"comment_status":"closed","ping_status":"closed","sticky":false,"template":"","format":"standard","meta":{"footnotes":""},"categories":[1],"tags":[],"class_list":["post-855","post","type-post","status-publish","format-standard","hentry","category-non-classe"],"_links":{"self":[{"href":"https:\/\/sites.ffkarate.fr\/seinemaritime\/wp-json\/wp\/v2\/posts\/855","targetHints":{"allow":["GET"]}}],"collection":[{"href":"https:\/\/sites.ffkarate.fr\/seinemaritime\/wp-json\/wp\/v2\/posts"}],"about":[{"href":"https:\/\/sites.ffkarate.fr\/seinemaritime\/wp-json\/wp\/v2\/types\/post"}],"author":[{"embeddable":true,"href":"https:\/\/sites.ffkarate.fr\/seinemaritime\/wp-json\/wp\/v2\/users\/57"}],"replies":[{"embeddable":true,"href":"https:\/\/sites.ffkarate.fr\/seinemaritime\/wp-json\/wp\/v2\/comments?post=855"}],"version-history":[{"count":0,"href":"https:\/\/sites.ffkarate.fr\/seinemaritime\/wp-json\/wp\/v2\/posts\/855\/revisions"}],"wp:attachment":[{"href":"https:\/\/sites.ffkarate.fr\/seinemaritime\/wp-json\/wp\/v2\/media?parent=855"}],"wp:term":[{"taxonomy":"category","embeddable":true,"href":"https:\/\/sites.ffkarate.fr\/seinemaritime\/wp-json\/wp\/v2\/categories?post=855"},{"taxonomy":"post_tag","embeddable":true,"href":"https:\/\/sites.ffkarate.fr\/seinemaritime\/wp-json\/wp\/v2\/tags?post=855"}],"curies":[{"name":"wp","href":"https:\/\/api.w.org\/{rel}","templated":true}]}}