{"id":899,"date":"2021-02-20T10:47:09","date_gmt":"2021-02-20T09:47:09","guid":{"rendered":"https:\/\/sites.ffkarate.fr\/seinemaritime\/?post_type=news&amp;p=899"},"modified":"2021-02-20T10:47:09","modified_gmt":"2021-02-20T09:47:09","slug":"micky-mrozek-sacre-champion-deurope","status":"publish","type":"post","link":"https:\/\/sites.ffkarate.fr\/seinemaritime\/2021\/02\/20\/micky-mrozek-sacre-champion-deurope\/","title":{"rendered":"Micky Mrozek sacr\u00e9 champion d\u2019Europe"},"content":{"rendered":"<div class=\"wpb-content-wrapper\"><p>[vc_row][vc_column][vc_column_text]<\/p>\n<div dir=\"auto\">L\u2019ESP Karat\u00e9 a vu d\u00e9buter un futur champion d\u2019Europe. Pass\u00e9 ensuite par le CREPS de Poitiers avant de poursuivre sa formation en Belgique au sein de l\u2019Ath\u00e9n\u00e9e Royal Li\u00e8ge Atlas puis de l\u2019Institut des arts martiaux, l\u2019ancien \u00e9l\u00e8ve de Jean-Claude Hartmann \u00e0 Saint-Pierre-l\u00e8s-Elbeuf a d\u00e9croch\u00e9 le titre europ\u00e9en, \u00e0 Sofia (Bulgarie) en kata, dans la cat\u00e9gorie cadets \u2013 juniors \u2013 U21, le 17 f\u00e9vrier 2017, le jour de ses\u2026 17 ans !<\/div>\n<div dir=\"auto\">Plus de d\u00e9tails sur son parcours en cliquant sur ce lien<\/div>\n<div dir=\"auto\"><strong><span style=\"color: #000080\"><a class=\"oajrlxb2 g5ia77u1 qu0x051f esr5mh6w e9989ue4 r7d6kgcz rq0escxv nhd2j8a9 nc684nl6 p7hjln8o kvgmc6g5 cxmmr5t8 oygrvhab hcukyx3x jb3vyjys rz4wbd8a qt6c0cv9 a8nywdso i1ao9s8h esuyzwwr f1sip0of lzcic4wl py34i1dx gpro0wi8\" style=\"color: #000080\" href=\"https:\/\/institutartsmartiaux.fr\/2017\/10\/23\/micky-mrozek\/?fbclid=IwAR2N9UD5m5dl32qmhWOszRk25yOckgGKMZVIRCyyxQ2N1zUdalD62YWx2UU\" target=\"_blank\" rel=\"nofollow noopener\">https:\/\/institutartsmartiaux.fr\/2017\/10\/23\/micky-mrozek\/..<\/a>.<\/span><\/strong><\/div>\n<div dir=\"auto\">et sur la page Facebook de Micky Mrozek<\/div>\n<div dir=\"auto\">\u00a0<span style=\"color: #000080\"><strong><a style=\"color: #000080\" href=\"https:\/\/www.facebook.com\/MickyMrozekShotokan\" target=\"_blank\" rel=\"noopener\">https:\/\/www.facebook.com\/MickyMrozekShotokan<\/a><\/strong><\/span><\/div>\n<div dir=\"auto\">\n<p><a href=\"https:\/\/sites.ffkarate.fr\/seinemaritime\/wp-content\/uploads\/sites\/91\/2021\/02\/151474630_339982981007204_7556188551416669583_o.jpg\"><img decoding=\"async\" class=\"alignnone size-medium wp-image-898\" src=\"https:\/\/sites.ffkarate.fr\/seinemaritime\/wp-content\/uploads\/sites\/91\/2021\/02\/151474630_339982981007204_7556188551416669583_o-300x200.jpg\" alt=\"151474630_339982981007204_7556188551416669583_o\" width=\"300\" height=\"200\" \/><\/a>\u00a0<a href=\"https:\/\/sites.ffkarate.fr\/seinemaritime\/wp-content\/uploads\/sites\/91\/2021\/02\/150874397_339983111007191_7988583117569450458_o.jpg\"><img decoding=\"async\" class=\"alignnone size-medium wp-image-897\" src=\"https:\/\/sites.ffkarate.fr\/seinemaritime\/wp-content\/uploads\/sites\/91\/2021\/02\/150874397_339983111007191_7988583117569450458_o-300x169.jpg\" alt=\"150874397_339983111007191_7988583117569450458_o\" width=\"300\" height=\"169\" \/><\/a>\u00a0<a href=\"https:\/\/sites.ffkarate.fr\/seinemaritime\/wp-content\/uploads\/sites\/91\/2021\/02\/151724167_339983924340443_4414912385522514361_o.jpg\"><img decoding=\"async\" class=\"alignnone size-medium wp-image-896\" src=\"https:\/\/sites.ffkarate.fr\/seinemaritime\/wp-content\/uploads\/sites\/91\/2021\/02\/151724167_339983924340443_4414912385522514361_o-300x200.jpg\" alt=\"151724167_339983924340443_4414912385522514361_o\" width=\"300\" height=\"200\" \/><\/a>\u00a0\u00a0<a href=\"https:\/\/sites.ffkarate.fr\/seinemaritime\/wp-content\/uploads\/sites\/91\/2021\/02\/151549076_339982064340629_8740004266875340135_n.jpg\"><img decoding=\"async\" class=\"alignnone size-medium wp-image-895\" src=\"https:\/\/sites.ffkarate.fr\/seinemaritime\/wp-content\/uploads\/sites\/91\/2021\/02\/151549076_339982064340629_8740004266875340135_n-300x225.jpg\" alt=\"151549076_339982064340629_8740004266875340135_n\" width=\"300\" height=\"225\" \/><\/a><\/p>\n<\/div>\n<div dir=\"auto\"><\/div>\n<div dir=\"auto\"><a href=\"https:\/\/sites.ffkarate.fr\/seinemaritime\/wp-content\/uploads\/sites\/91\/2021\/02\/151530773_339982877673881_8650417757941631473_n.jpg\"><img decoding=\"async\" class=\"alignnone size-medium wp-image-894\" src=\"https:\/\/sites.ffkarate.fr\/seinemaritime\/wp-content\/uploads\/sites\/91\/2021\/02\/151530773_339982877673881_8650417757941631473_n-300x300.jpg\" alt=\"151530773_339982877673881_8650417757941631473_n\" width=\"300\" height=\"300\" \/><\/a><\/div>\n<p>[\/vc_column_text][\/vc_column][\/vc_row]<\/p>\n<\/div>","protected":false},"excerpt":{"rendered":"<p>[vc_row][vc_column][vc_column_text] L\u2019ESP Karat\u00e9 a vu d\u00e9buter un futur champion d\u2019Europe. Pass\u00e9 ensuite par le CREPS de Poitiers avant de poursuivre sa formation en Belgique au sein de l\u2019Ath\u00e9n\u00e9e Royal Li\u00e8ge Atlas puis de l\u2019Institut des arts martiaux, l\u2019ancien \u00e9l\u00e8ve de Jean-Claude Hartmann \u00e0 Saint-Pierre-l\u00e8s-Elbeuf a d\u00e9croch\u00e9 le titre europ\u00e9en, \u00e0 Sofia (Bulgarie) en kata, dans [&hellip;]<\/p>\n","protected":false},"author":57,"featured_media":895,"comment_status":"closed","ping_status":"closed","sticky":false,"template":"","format":"standard","meta":{"footnotes":""},"categories":[1],"tags":[],"class_list":["post-899","post","type-post","status-publish","format-standard","hentry","category-non-classe"],"_links":{"self":[{"href":"https:\/\/sites.ffkarate.fr\/seinemaritime\/wp-json\/wp\/v2\/posts\/899","targetHints":{"allow":["GET"]}}],"collection":[{"href":"https:\/\/sites.ffkarate.fr\/seinemaritime\/wp-json\/wp\/v2\/posts"}],"about":[{"href":"https:\/\/sites.ffkarate.fr\/seinemaritime\/wp-json\/wp\/v2\/types\/post"}],"author":[{"embeddable":true,"href":"https:\/\/sites.ffkarate.fr\/seinemaritime\/wp-json\/wp\/v2\/users\/57"}],"replies":[{"embeddable":true,"href":"https:\/\/sites.ffkarate.fr\/seinemaritime\/wp-json\/wp\/v2\/comments?post=899"}],"version-history":[{"count":0,"href":"https:\/\/sites.ffkarate.fr\/seinemaritime\/wp-json\/wp\/v2\/posts\/899\/revisions"}],"wp:featuredmedia":[{"embeddable":true,"href":"https:\/\/sites.ffkarate.fr\/seinemaritime\/wp-json\/wp\/v2\/media\/895"}],"wp:attachment":[{"href":"https:\/\/sites.ffkarate.fr\/seinemaritime\/wp-json\/wp\/v2\/media?parent=899"}],"wp:term":[{"taxonomy":"category","embeddable":true,"href":"https:\/\/sites.ffkarate.fr\/seinemaritime\/wp-json\/wp\/v2\/categories?post=899"},{"taxonomy":"post_tag","embeddable":true,"href":"https:\/\/sites.ffkarate.fr\/seinemaritime\/wp-json\/wp\/v2\/tags?post=899"}],"curies":[{"name":"wp","href":"https:\/\/api.w.org\/{rel}","templated":true}]}}