{"id":914,"date":"2021-02-25T12:24:40","date_gmt":"2021-02-25T11:24:40","guid":{"rendered":"https:\/\/sites.ffkarate.fr\/seinemaritime\/?post_type=news&amp;p=914"},"modified":"2021-02-25T12:24:40","modified_gmt":"2021-02-25T11:24:40","slug":"la-presse-et-nous-karate-club-de-doudeville","status":"publish","type":"post","link":"https:\/\/sites.ffkarate.fr\/seinemaritime\/2021\/02\/25\/la-presse-et-nous-karate-club-de-doudeville\/","title":{"rendered":"La presse et nous&#8230;&#8230;..Le club de Karat\u00e9 Doudevillais"},"content":{"rendered":"<div class=\"wpb-content-wrapper\"><p>[vc_row][vc_column][vc_column_text]<\/p>\n<h1>Doudeville. Club de karat\u00e9 : une premi\u00e8re saison compliqu\u00e9e<a href=\"https:\/\/sites.ffkarate.fr\/seinemaritime\/wp-content\/uploads\/sites\/91\/2021\/02\/153973646_1582833391915662_6009686336099116851_o.jpg\"><img decoding=\"async\" class=\" size-medium wp-image-913 alignleft\" src=\"https:\/\/sites.ffkarate.fr\/seinemaritime\/wp-content\/uploads\/sites\/91\/2021\/02\/153973646_1582833391915662_6009686336099116851_o-253x300.jpg\" alt=\"153973646_1582833391915662_6009686336099116851_o\" width=\"253\" height=\"300\" \/><\/a><\/h1>\n<p>[\/vc_column_text][\/vc_column][\/vc_row]<\/p>\n<\/div>","protected":false},"excerpt":{"rendered":"<p>[vc_row][vc_column][vc_column_text] Doudeville. Club de karat\u00e9 : une premi\u00e8re saison compliqu\u00e9e [\/vc_column_text][\/vc_column][\/vc_row]<\/p>\n","protected":false},"author":57,"featured_media":965,"comment_status":"closed","ping_status":"closed","sticky":false,"template":"","format":"standard","meta":{"footnotes":""},"categories":[1],"tags":[],"class_list":["post-914","post","type-post","status-publish","format-standard","hentry","category-non-classe"],"_links":{"self":[{"href":"https:\/\/sites.ffkarate.fr\/seinemaritime\/wp-json\/wp\/v2\/posts\/914","targetHints":{"allow":["GET"]}}],"collection":[{"href":"https:\/\/sites.ffkarate.fr\/seinemaritime\/wp-json\/wp\/v2\/posts"}],"about":[{"href":"https:\/\/sites.ffkarate.fr\/seinemaritime\/wp-json\/wp\/v2\/types\/post"}],"author":[{"embeddable":true,"href":"https:\/\/sites.ffkarate.fr\/seinemaritime\/wp-json\/wp\/v2\/users\/57"}],"replies":[{"embeddable":true,"href":"https:\/\/sites.ffkarate.fr\/seinemaritime\/wp-json\/wp\/v2\/comments?post=914"}],"version-history":[{"count":0,"href":"https:\/\/sites.ffkarate.fr\/seinemaritime\/wp-json\/wp\/v2\/posts\/914\/revisions"}],"wp:featuredmedia":[{"embeddable":true,"href":"https:\/\/sites.ffkarate.fr\/seinemaritime\/wp-json\/wp\/v2\/media\/965"}],"wp:attachment":[{"href":"https:\/\/sites.ffkarate.fr\/seinemaritime\/wp-json\/wp\/v2\/media?parent=914"}],"wp:term":[{"taxonomy":"category","embeddable":true,"href":"https:\/\/sites.ffkarate.fr\/seinemaritime\/wp-json\/wp\/v2\/categories?post=914"},{"taxonomy":"post_tag","embeddable":true,"href":"https:\/\/sites.ffkarate.fr\/seinemaritime\/wp-json\/wp\/v2\/tags?post=914"}],"curies":[{"name":"wp","href":"https:\/\/api.w.org\/{rel}","templated":true}]}}