{"id":10018,"date":"2024-11-27T12:49:09","date_gmt":"2024-11-27T11:49:09","guid":{"rendered":"https:\/\/sites.ffkarate.fr\/seinesaintdenis\/?p=10018"},"modified":"2024-11-27T13:05:18","modified_gmt":"2024-11-27T12:05:18","slug":"retour-en-video-du-stage-self-defense-journee-internationale-de-lutte-contre-les-violences-faites-au-femmes-24-novembre-2024","status":"publish","type":"post","link":"https:\/\/sites.ffkarate.fr\/seinesaintdenis\/2024\/11\/27\/retour-en-video-du-stage-self-defense-journee-internationale-de-lutte-contre-les-violences-faites-au-femmes-24-novembre-2024\/","title":{"rendered":"RETOUR DU STAGE DE SELF D\u00c9FENSE F\u00c9MININE &#8211; 24 NOVEMBRE 2024"},"content":{"rendered":"<div class=\"wpb-content-wrapper\"><p>[vc_row][vc_column][vc_column_text]<\/p>\n<p style=\"text-align: center\"><span style=\"color: #ff0000\">Cette matin\u00e9e a \u00e9t\u00e9 une v\u00e9ritable r\u00e9ussite !<\/span><\/p>\n<p style=\"text-align: center\"><span style=\"color: #0000ff\">Une quarantaine de femmes \u00e9taient pr\u00e9sentes.<\/span><\/p>\n<p style=\"text-align: center\"><span style=\"color: #008080\">Beaucoup de chaleur humaine et de partages sinc\u00e8res.<\/span><\/p>\n<p style=\"text-align: center\"><span style=\"color: #800080\">Tr\u00e8s beau travail technique.<\/span><\/p>\n<p style=\"text-align: center\"><span style=\"color: #ff6600\">Toutes \u00e9taient ravies, enthousiastes, volontaires<\/span><\/p>\n<p style=\"text-align: center\"><span style=\"color: #3366ff\">et unanimes pour participer \u00e0 une prochaine session.<\/span><\/p>\n<p style=\"text-align: center\"><span style=\"color: #ff00ff\">Un grand merci \u00e0 toutes !!!<\/span><\/p>\n<p>[\/vc_column_text][\/vc_column][\/vc_row][vc_row][vc_column][vc_video link=\u00a0\u00bbhttps:\/\/youtu.be\/ueN5Q4LBq_M\u00a0\u00bb align=\u00a0\u00bbcenter\u00a0\u00bb title=\u00a0\u00bbVID\u00c9O STAGE SELF D\u00c9FENSE \u2013 JOURN\u00c9E INTERNATIONALE DE LUTTE CONTRE LES VIOLENCES FAITES AU FEMMES \u2013 24 NOVEMBRE 2024&Prime;][\/vc_column][\/vc_row]<\/p>\n<\/div>","protected":false},"excerpt":{"rendered":"<p>[vc_row][vc_column][vc_column_text] Cette matin\u00e9e a \u00e9t\u00e9 une v\u00e9ritable r\u00e9ussite ! Une quarantaine de femmes \u00e9taient pr\u00e9sentes. Beaucoup de chaleur humaine et de partages sinc\u00e8res. Tr\u00e8s beau travail technique. Toutes \u00e9taient ravies, enthousiastes, volontaires et unanimes pour participer \u00e0 une prochaine session. Un grand merci \u00e0 toutes !!! [\/vc_column_text][\/vc_column][\/vc_row][vc_row][vc_column][vc_video link=\u00a0\u00bbhttps:\/\/youtu.be\/ueN5Q4LBq_M\u00a0\u00bb align=\u00a0\u00bbcenter\u00a0\u00bb title=\u00a0\u00bbVID\u00c9O STAGE SELF D\u00c9FENSE \u2013 JOURN\u00c9E [&hellip;]<\/p>\n","protected":false},"author":145,"featured_media":10021,"comment_status":"closed","ping_status":"closed","sticky":false,"template":"","format":"standard","meta":{"footnotes":""},"categories":[5],"tags":[],"class_list":["post-10018","post","type-post","status-publish","format-standard","hentry","category-actualites"],"_links":{"self":[{"href":"https:\/\/sites.ffkarate.fr\/seinesaintdenis\/wp-json\/wp\/v2\/posts\/10018","targetHints":{"allow":["GET"]}}],"collection":[{"href":"https:\/\/sites.ffkarate.fr\/seinesaintdenis\/wp-json\/wp\/v2\/posts"}],"about":[{"href":"https:\/\/sites.ffkarate.fr\/seinesaintdenis\/wp-json\/wp\/v2\/types\/post"}],"author":[{"embeddable":true,"href":"https:\/\/sites.ffkarate.fr\/seinesaintdenis\/wp-json\/wp\/v2\/users\/145"}],"replies":[{"embeddable":true,"href":"https:\/\/sites.ffkarate.fr\/seinesaintdenis\/wp-json\/wp\/v2\/comments?post=10018"}],"version-history":[{"count":8,"href":"https:\/\/sites.ffkarate.fr\/seinesaintdenis\/wp-json\/wp\/v2\/posts\/10018\/revisions"}],"predecessor-version":[{"id":10027,"href":"https:\/\/sites.ffkarate.fr\/seinesaintdenis\/wp-json\/wp\/v2\/posts\/10018\/revisions\/10027"}],"wp:featuredmedia":[{"embeddable":true,"href":"https:\/\/sites.ffkarate.fr\/seinesaintdenis\/wp-json\/wp\/v2\/media\/10021"}],"wp:attachment":[{"href":"https:\/\/sites.ffkarate.fr\/seinesaintdenis\/wp-json\/wp\/v2\/media?parent=10018"}],"wp:term":[{"taxonomy":"category","embeddable":true,"href":"https:\/\/sites.ffkarate.fr\/seinesaintdenis\/wp-json\/wp\/v2\/categories?post=10018"},{"taxonomy":"post_tag","embeddable":true,"href":"https:\/\/sites.ffkarate.fr\/seinesaintdenis\/wp-json\/wp\/v2\/tags?post=10018"}],"curies":[{"name":"wp","href":"https:\/\/api.w.org\/{rel}","templated":true}]}}