{"id":10049,"date":"2024-12-12T17:33:52","date_gmt":"2024-12-12T16:33:52","guid":{"rendered":"https:\/\/sites.ffkarate.fr\/seinesaintdenis\/?p=10049"},"modified":"2024-12-12T17:33:52","modified_gmt":"2024-12-12T16:33:52","slug":"resultats-des-championnats-coupes-kata-departemental-8-decembre-2024","status":"publish","type":"post","link":"https:\/\/sites.ffkarate.fr\/seinesaintdenis\/2024\/12\/12\/resultats-des-championnats-coupes-kata-departemental-8-decembre-2024\/","title":{"rendered":"R\u00c9SULTATS DES CHAMPIONNATS &amp; COUPES KATA D\u00c9PARTEMENTAL &#8211; 8 D\u00c9CEMBRE 2024"},"content":{"rendered":"<div class=\"wpb-content-wrapper\"><p>[vc_row][vc_column][vc_column_text]<span style=\"color: #0000ff\">Les Championnats KATA D\u00e9partemental\u00a0 <\/span><span style=\"color: #ff0000\">Minimes\/Cadets\/Juniors\/Seniors &amp; \u00e9quipes Juniors\/Seniors<\/span> &amp; <span style=\"color: #0000ff\">Coupes KATA d\u00e9partemental<\/span> <span style=\"color: #ff0000\">Pupilles\/Benjamins<\/span> &amp; <span style=\"color: #ff0000\">V\u00e9t\u00e9rans<\/span> &amp; <span style=\"color: #ff0000\">Para Karat\u00e9<\/span> se sont tenus le <span style=\"color: #0000ff\">dimanche 8 d\u00e9cembre 2024<\/span> au Gymnase Pierre Peugeot \u00e0 Aulnay sous-bois.<\/p>\n<p style=\"text-align: left\"><span style=\"color: #0000ff\">Le Comit\u00e9 D\u00e9partemental<span style=\"color: #ff0000\"> f\u00e9licite<\/span> <span style=\"color: #000000\">tous les comp\u00e9titeurs pour leur investissement et leur r\u00e9sultat <\/span><\/span><span style=\"color: #0000ff\">et <\/span><span style=\"color: #0000ff\">Bravos aux coachs ainsi qu&rsquo;aux clubs !<\/span><\/p>\n<p style=\"text-align: center\"><span style=\"color: #ff0000\">GALERIES PHOTOS<\/span><\/p>\n<p>[\/vc_column_text][\/vc_column][\/vc_row][vc_row][vc_column][vc_gallery images=\u00a0\u00bb10051,10052,10053,10054,10055,10056,10057,10058,10059,10060,10061,10062,10063,10064,10065,10066,10067,10068,10069,10070,10071,10072,10073,10074,10075,10076,10077,10078,10079,10080,10081,10082,10083,10084,10085,10086,10087,10088,10089,10090,10091,10092,10093,10094,10095,10096,10097,10098,10099,10100,10101,10102,10103,10104,10105,10106,10107,10108,10109,10110&Prime; title=\u00a0\u00bb\u2022 GALERIE PHOTOS &#8211; CHAMPIONNAT D\u00c9PARTEMENTAL MCJS KATA &amp; COUPE D\u00c9PARTEMENTALE PUPILLES BENJAMINS KATA\u00a0\u00bb][\/vc_column][\/vc_row][vc_row][vc_column][vc_gallery images=\u00a0\u00bb10112,10113,10114,10115,10116,10117,10118,10119,10120,10121&Prime; title=\u00a0\u00bb\u2022 GALERIE PHOTOS &#8211; COUPE D\u00c9PARTEMENTALE PARA KARAT\u00c9\u00a0\u00bb][\/vc_column][\/vc_row][vc_row][vc_column][vc_gallery images=\u00a0\u00bb10123,10124,10125,10126,10127,10128,10129,10130,10131,10132,10133,10134,10135,10136,10137,10138&Prime; title=\u00a0\u00bb\u2022 GALERIE PHOTOS &#8211; COUPE D\u00c9PARTEMENTALE KATA V\u00c9T\u00c9RANS\u00a0\u00bb][\/vc_column][\/vc_row][vc_row][vc_column][vc_gallery images=\u00a0\u00bb10140,10141,10142,10143,10144,10145,10146,10147,10148,10149,10150,10151,10152,10153,10154,10155,10156,10157,10158,10159,10160,10161&Prime; title=\u00a0\u00bb\u2022 GALERIE PHOTOS &#8211; CHAMPIONNAT D\u00c9PARTEMENTAL \u00c9QUIPES CJS KATA\u00a0\u00bb][\/vc_column][\/vc_row][vc_row][vc_column][vc_video link=\u00a0\u00bbhttps:\/\/youtube.com\/shorts\/FotsvEWNvM0?feature=share\u00a0\u00bb title=\u00a0\u00bb\u2022 VID\u00c9O &#8211; CHAMPIONNAT D\u00c9PARTEMENTAL \u00c9QUIPES CJS KATA\u00a0\u00bb][\/vc_column][\/vc_row][vc_row][vc_column][vc_gallery images=\u00a0\u00bb10163,10164,10165,10166,10167,10168,10169,10170,10171,10172,10173,10174,10175,10176,10177&Prime; title=\u00a0\u00bb\u2022 GALERIE PHOTOS &#8211; PODIUM\u00a0\u00bb][\/vc_column][\/vc_row]<\/p>\n<\/div>","protected":false},"excerpt":{"rendered":"<p>[vc_row][vc_column][vc_column_text]Les Championnats KATA D\u00e9partemental\u00a0 Minimes\/Cadets\/Juniors\/Seniors &amp; \u00e9quipes Juniors\/Seniors &amp; Coupes KATA d\u00e9partemental Pupilles\/Benjamins &amp; V\u00e9t\u00e9rans &amp; Para Karat\u00e9 se sont tenus le dimanche 8 d\u00e9cembre 2024 au Gymnase Pierre Peugeot \u00e0 Aulnay sous-bois. Le Comit\u00e9 D\u00e9partemental f\u00e9licite tous les comp\u00e9titeurs pour leur investissement et leur r\u00e9sultat et Bravos aux coachs ainsi qu&rsquo;aux clubs ! GALERIES [&hellip;]<\/p>\n","protected":false},"author":145,"featured_media":10202,"comment_status":"closed","ping_status":"closed","sticky":false,"template":"","format":"standard","meta":{"footnotes":""},"categories":[5,14],"tags":[],"class_list":["post-10049","post","type-post","status-publish","format-standard","hentry","category-actualites","category-karate"],"_links":{"self":[{"href":"https:\/\/sites.ffkarate.fr\/seinesaintdenis\/wp-json\/wp\/v2\/posts\/10049","targetHints":{"allow":["GET"]}}],"collection":[{"href":"https:\/\/sites.ffkarate.fr\/seinesaintdenis\/wp-json\/wp\/v2\/posts"}],"about":[{"href":"https:\/\/sites.ffkarate.fr\/seinesaintdenis\/wp-json\/wp\/v2\/types\/post"}],"author":[{"embeddable":true,"href":"https:\/\/sites.ffkarate.fr\/seinesaintdenis\/wp-json\/wp\/v2\/users\/145"}],"replies":[{"embeddable":true,"href":"https:\/\/sites.ffkarate.fr\/seinesaintdenis\/wp-json\/wp\/v2\/comments?post=10049"}],"version-history":[{"count":10,"href":"https:\/\/sites.ffkarate.fr\/seinesaintdenis\/wp-json\/wp\/v2\/posts\/10049\/revisions"}],"predecessor-version":[{"id":10204,"href":"https:\/\/sites.ffkarate.fr\/seinesaintdenis\/wp-json\/wp\/v2\/posts\/10049\/revisions\/10204"}],"wp:featuredmedia":[{"embeddable":true,"href":"https:\/\/sites.ffkarate.fr\/seinesaintdenis\/wp-json\/wp\/v2\/media\/10202"}],"wp:attachment":[{"href":"https:\/\/sites.ffkarate.fr\/seinesaintdenis\/wp-json\/wp\/v2\/media?parent=10049"}],"wp:term":[{"taxonomy":"category","embeddable":true,"href":"https:\/\/sites.ffkarate.fr\/seinesaintdenis\/wp-json\/wp\/v2\/categories?post=10049"},{"taxonomy":"post_tag","embeddable":true,"href":"https:\/\/sites.ffkarate.fr\/seinesaintdenis\/wp-json\/wp\/v2\/tags?post=10049"}],"curies":[{"name":"wp","href":"https:\/\/api.w.org\/{rel}","templated":true}]}}