{"id":10445,"date":"2025-02-09T17:53:58","date_gmt":"2025-02-09T16:53:58","guid":{"rendered":"https:\/\/sites.ffkarate.fr\/seinesaintdenis\/?p=10445"},"modified":"2025-02-09T17:55:48","modified_gmt":"2025-02-09T16:55:48","slug":"mobilisation-sur-la-lutte-contre-les-violences-dans-le-sport","status":"publish","type":"post","link":"https:\/\/sites.ffkarate.fr\/seinesaintdenis\/2025\/02\/09\/mobilisation-sur-la-lutte-contre-les-violences-dans-le-sport\/","title":{"rendered":"MOBILISATION SUR LA LUTTE CONTRE LES VIOLENCES DANS LE SPORT"},"content":{"rendered":"<div class=\"wpb-content-wrapper\"><p>[vc_row][vc_column][vc_column_text]La <span style=\"color: #0000ff\">sensibilisation sur la lutte contre les violences dans le sport<\/span> a pris une nouvelle dimension ce samedi 8 f\u00e9vrier 2025 <span style=\"color: #0000ff\">\u00e0 l\u2019\u00e9cole des cadres de la Seine St Denis<\/span>, Sevran.<\/p>\n<p>L&rsquo;\u00e9v\u00e9nement a rassembl\u00e9 un large \u00e9ventail de participants du d\u00e9partement de Seine-Saint-Denis, incluant des <span style=\"color: #0000ff\">pr\u00e9sidents, jeunes b\u00e9n\u00e9voles, stagiaires, dirigeants, professeurs et membres du comit\u00e9 d\u00e9partemental<\/span>.<\/p>\n<p>Cette matin\u00e9e d&rsquo;\u00e9change, anim\u00e9e par trois intervenants de la direction des services d\u00e9partementaux de l\u2019\u00e9ducation nationale de la Seine St Denis, s&rsquo;inscrit dans la continuit\u00e9 des efforts nationaux pour combattre les violences dans le milieu sportif. Mme <span style=\"color: #0000ff\">Sarah Finotto<\/span>, Inspectrice de la jeunesse et des sports, Mme <span style=\"color: #0000ff\">Morgane Arthuis<\/span>, Inspectrice de la jeunesse et des sports et M. <span style=\"color: #0000ff\">Cedric Monpierre<\/span>, Professeur de Sports CAS &#8211; DRAJES Guadeloupe, ont partag\u00e9 leur expertise sur ce sujet crucial.[\/vc_column_text][vc_gallery images=\u00a0\u00bb10451,10453,10450,10449,10461,10458,10457,10455,10454,10452,10456,10459,10460&Prime;][\/vc_column][\/vc_row]<\/p>\n<\/div>","protected":false},"excerpt":{"rendered":"<p>[vc_row][vc_column][vc_column_text]La sensibilisation sur la lutte contre les violences dans le sport a pris une nouvelle dimension ce samedi 8 f\u00e9vrier 2025 \u00e0 l\u2019\u00e9cole des cadres de la Seine St Denis, Sevran. L&rsquo;\u00e9v\u00e9nement a rassembl\u00e9 un large \u00e9ventail de participants du d\u00e9partement de Seine-Saint-Denis, incluant des pr\u00e9sidents, jeunes b\u00e9n\u00e9voles, stagiaires, dirigeants, professeurs et membres du comit\u00e9 [&hellip;]<\/p>\n","protected":false},"author":145,"featured_media":10448,"comment_status":"closed","ping_status":"closed","sticky":false,"template":"","format":"standard","meta":{"footnotes":""},"categories":[5],"tags":[],"class_list":["post-10445","post","type-post","status-publish","format-standard","hentry","category-actualites"],"_links":{"self":[{"href":"https:\/\/sites.ffkarate.fr\/seinesaintdenis\/wp-json\/wp\/v2\/posts\/10445","targetHints":{"allow":["GET"]}}],"collection":[{"href":"https:\/\/sites.ffkarate.fr\/seinesaintdenis\/wp-json\/wp\/v2\/posts"}],"about":[{"href":"https:\/\/sites.ffkarate.fr\/seinesaintdenis\/wp-json\/wp\/v2\/types\/post"}],"author":[{"embeddable":true,"href":"https:\/\/sites.ffkarate.fr\/seinesaintdenis\/wp-json\/wp\/v2\/users\/145"}],"replies":[{"embeddable":true,"href":"https:\/\/sites.ffkarate.fr\/seinesaintdenis\/wp-json\/wp\/v2\/comments?post=10445"}],"version-history":[{"count":5,"href":"https:\/\/sites.ffkarate.fr\/seinesaintdenis\/wp-json\/wp\/v2\/posts\/10445\/revisions"}],"predecessor-version":[{"id":10464,"href":"https:\/\/sites.ffkarate.fr\/seinesaintdenis\/wp-json\/wp\/v2\/posts\/10445\/revisions\/10464"}],"wp:featuredmedia":[{"embeddable":true,"href":"https:\/\/sites.ffkarate.fr\/seinesaintdenis\/wp-json\/wp\/v2\/media\/10448"}],"wp:attachment":[{"href":"https:\/\/sites.ffkarate.fr\/seinesaintdenis\/wp-json\/wp\/v2\/media?parent=10445"}],"wp:term":[{"taxonomy":"category","embeddable":true,"href":"https:\/\/sites.ffkarate.fr\/seinesaintdenis\/wp-json\/wp\/v2\/categories?post=10445"},{"taxonomy":"post_tag","embeddable":true,"href":"https:\/\/sites.ffkarate.fr\/seinesaintdenis\/wp-json\/wp\/v2\/tags?post=10445"}],"curies":[{"name":"wp","href":"https:\/\/api.w.org\/{rel}","templated":true}]}}