{"id":10474,"date":"2025-02-11T12:00:24","date_gmt":"2025-02-11T11:00:24","guid":{"rendered":"https:\/\/sites.ffkarate.fr\/seinesaintdenis\/?p=10474"},"modified":"2025-02-17T17:27:20","modified_gmt":"2025-02-17T16:27:20","slug":"examen-darbitrage-regional-a-b","status":"publish","type":"post","link":"https:\/\/sites.ffkarate.fr\/seinesaintdenis\/2025\/02\/11\/examen-darbitrage-regional-a-b\/","title":{"rendered":"EXAMEN D&rsquo;ARBITRAGE R\u00c9GIONAL A &amp; B"},"content":{"rendered":"<div class=\"wpb-content-wrapper\"><p>[vc_row][vc_column][vc_column_text]Ce week-end des 8 &amp; 9 f\u00e9vrier 2025, lors du <span style=\"color: #ff0000\"><span style=\"color: #0000ff\">Championnat IDF Combat &#8211; Minimes et Juniors \/ Cadets et Seniors<\/span><span style=\"color: #000000\">, <\/span><\/span><span style=\"color: #ff0000\"><span style=\"color: #000000\">avait lieu l&rsquo;<\/span><\/span><span style=\"color: #ff0000\">Examen R\u00e9gional Kumit\u00e9 A et B<\/span>.<\/p>\n<p style=\"text-align: center\"><span style=\"color: #ff0000\">Bravo et f\u00e9licitations<\/span> \u00e0 nos arbitres pour leurs r\u00e9ussites \u00e0 l&rsquo;Examen R\u00e9gional Kumite A et B :<\/p>\n<p style=\"text-align: center\"><b><span style=\"color: #0000ff\">BOUHLEL Yasmine<\/span><\/b>&#8211;\u00a0 Dipl\u00f4me kumit\u00e9 <span style=\"color: #ff0000\"><b>A<\/b><\/span><\/p>\n<div style=\"text-align: center\">\n<div dir=\"ltr\"><b><span style=\"color: #0000ff\">HAMADOU Sara\u00a0<\/span><\/b>&#8211; \u00a0Dipl\u00f4me kumit\u00e9 <span style=\"color: #ff0000\"><b>A<\/b><\/span><\/div>\n<div dir=\"ltr\"><\/div>\n<div dir=\"ltr\"><b><span style=\"color: #0000ff\">AIT OUAKLI Tarik<\/span><\/b>&#8211;\u00a0 Dipl\u00f4me kumit\u00e9 <span style=\"color: #ff0000\"><b>A<\/b><\/span><\/div>\n<div dir=\"ltr\" style=\"text-align: center\">\n<p><span style=\"color: #0000ff\"><b>BOUHLEL Yosra<\/b><\/span>\u00a0 &#8211; Dipl\u00f4me kumit\u00e9 <b><span style=\"color: #ff0000\">B<\/span><\/b><br \/>\n<span style=\"color: #0000ff\"><b>KHENICHE Kahina<\/b><\/span>&#8211; Dipl\u00f4me kumit\u00e9 <span style=\"color: #ff0000\"><b>B<\/b><\/span><\/p>\n<p style=\"text-align: left\"><span style=\"color: #ff0000\">A noter l&rsquo;excellente performance de<\/span>\u00a0<strong><span style=\"color: #0000ff\">Kahina KHENICHE<\/span><\/strong> qui a \u00e9t\u00e9 <span style=\"color: #ff0000\">class\u00e9e deuxi\u00e8me \u00e0 cet examen r\u00e9gional<\/span><\/p>\n<\/div>\n<p>&nbsp;<\/p>\n<div dir=\"ltr\" style=\"text-align: center\">\n<p style=\"text-align: left\"><span style=\"color: #0000ff\"><em>Noureddine Sellak<\/em><\/span><br \/>\n<em>Responsable de l\u2019arbitrage<\/em><br \/>\n<em>CDKDA Seine Saint Denis<\/em><\/p>\n<\/div>\n<\/div>\n<p>[\/vc_column_text][\/vc_column][\/vc_row]<\/p>\n<\/div>","protected":false},"excerpt":{"rendered":"<p>[vc_row][vc_column][vc_column_text]Ce week-end des 8 &amp; 9 f\u00e9vrier 2025, lors du Championnat IDF Combat &#8211; Minimes et Juniors \/ Cadets et Seniors, avait lieu l&rsquo;Examen R\u00e9gional Kumit\u00e9 A et B. Bravo et f\u00e9licitations \u00e0 nos arbitres pour leurs r\u00e9ussites \u00e0 l&rsquo;Examen R\u00e9gional Kumite A et B : BOUHLEL Yasmine&#8211;\u00a0 Dipl\u00f4me kumit\u00e9 A HAMADOU Sara\u00a0&#8211; \u00a0Dipl\u00f4me kumit\u00e9 [&hellip;]<\/p>\n","protected":false},"author":145,"featured_media":10476,"comment_status":"closed","ping_status":"closed","sticky":false,"template":"","format":"standard","meta":{"footnotes":""},"categories":[5,1],"tags":[],"class_list":["post-10474","post","type-post","status-publish","format-standard","hentry","category-actualites","category-non-classe"],"_links":{"self":[{"href":"https:\/\/sites.ffkarate.fr\/seinesaintdenis\/wp-json\/wp\/v2\/posts\/10474","targetHints":{"allow":["GET"]}}],"collection":[{"href":"https:\/\/sites.ffkarate.fr\/seinesaintdenis\/wp-json\/wp\/v2\/posts"}],"about":[{"href":"https:\/\/sites.ffkarate.fr\/seinesaintdenis\/wp-json\/wp\/v2\/types\/post"}],"author":[{"embeddable":true,"href":"https:\/\/sites.ffkarate.fr\/seinesaintdenis\/wp-json\/wp\/v2\/users\/145"}],"replies":[{"embeddable":true,"href":"https:\/\/sites.ffkarate.fr\/seinesaintdenis\/wp-json\/wp\/v2\/comments?post=10474"}],"version-history":[{"count":10,"href":"https:\/\/sites.ffkarate.fr\/seinesaintdenis\/wp-json\/wp\/v2\/posts\/10474\/revisions"}],"predecessor-version":[{"id":10559,"href":"https:\/\/sites.ffkarate.fr\/seinesaintdenis\/wp-json\/wp\/v2\/posts\/10474\/revisions\/10559"}],"wp:featuredmedia":[{"embeddable":true,"href":"https:\/\/sites.ffkarate.fr\/seinesaintdenis\/wp-json\/wp\/v2\/media\/10476"}],"wp:attachment":[{"href":"https:\/\/sites.ffkarate.fr\/seinesaintdenis\/wp-json\/wp\/v2\/media?parent=10474"}],"wp:term":[{"taxonomy":"category","embeddable":true,"href":"https:\/\/sites.ffkarate.fr\/seinesaintdenis\/wp-json\/wp\/v2\/categories?post=10474"},{"taxonomy":"post_tag","embeddable":true,"href":"https:\/\/sites.ffkarate.fr\/seinesaintdenis\/wp-json\/wp\/v2\/tags?post=10474"}],"curies":[{"name":"wp","href":"https:\/\/api.w.org\/{rel}","templated":true}]}}