{"id":10662,"date":"2025-03-01T18:28:21","date_gmt":"2025-03-01T17:28:21","guid":{"rendered":"https:\/\/sites.ffkarate.fr\/seinesaintdenis\/?p=10662"},"modified":"2025-03-03T15:11:40","modified_gmt":"2025-03-03T14:11:40","slug":"open-international-karate-light-full-contact-22-23-fevrier-2025","status":"publish","type":"post","link":"https:\/\/sites.ffkarate.fr\/seinesaintdenis\/2025\/03\/01\/open-international-karate-light-full-contact-22-23-fevrier-2025\/","title":{"rendered":"OPEN INTERNATIONAL KARAT\u00c9 LIGHT &amp; FULL CONTACT &#8211; 22 &amp; 23 F\u00c9VRIER 2025"},"content":{"rendered":"<div class=\"wpb-content-wrapper\"><p>[vc_row][vc_column][vc_column_text]L&rsquo;<span style=\"color: #0000ff\">Open International Karat\u00e9 light contact \/ Full Contact<\/span> a eu lieu le week-end du 22 &amp; 23 f\u00e9vrier 2025 \u00e0 <span style=\"color: #0000ff\">INJ Paris<\/span>.<\/p>\n<p style=\"text-align: center\"><strong>Les clubs du d\u00e9partement de Seine-Saint-Denis ont particip\u00e9 \u00e0 cet Open.<\/strong><\/p>\n<p style=\"text-align: left\"><span style=\"color: #0000ff\">Le Comit\u00e9 D\u00e9partemental CDKDA 93\u00a0<span style=\"color: #ff0000\"> f\u00e9licite<\/span> <span style=\"color: #000000\">les comp\u00e9titeurs pour leur investissement et leur r\u00e9sultat <\/span><\/span><span style=\"color: #0000ff\">et <\/span><span style=\"color: #0000ff\">Bravo aux clubs qui ont particip\u00e9 \u00e0 cet open :\u00a0<\/span><\/p>\n<p>&nbsp;<\/p>\n<p style=\"text-align: center\"><span style=\"color: #0000ff\">KCVO :\u00a0<\/span><\/p>\n<p style=\"text-align: center\"><strong>\ud83e\udd48 <\/strong>Yanis Cuvelier &#8211; Seniors Light Contact<\/p>\n<p style=\"text-align: center\"><span style=\"color: #0000ff\">EN TOUT K :\u00a0<\/span><\/p>\n<p style=\"text-align: center\">\ud83e\udd47 AMOUCHAL Mouhammad Nizar &#8211; Benjamin<\/p>\n<p style=\"text-align: center\"><strong>\ud83e\udd48 <\/strong>ARNAULT Yohakin &#8211; Benjamin<\/p>\n<p style=\"text-align: center\">\ud83e\udd49 AMOUCHAL Firdaws &#8211; Benjamin<\/p>\n<p style=\"text-align: center\"><span style=\"color: #0000ff\"><span style=\"color: #ff0000\">\u00a0<\/span>ACEM :\u00a0<\/span><\/p>\n<p style=\"text-align: center\">\ud83e\udd47 Yanni BOUAYAD &#8211; Benjamin<\/p>\n<p style=\"text-align: center\"><strong>\ud83e\udd48 <\/strong>Amir MEKRAZA &#8211; Pupille<\/p>\n<p style=\"text-align: center\">\ud83e\udd49 Djilan BERGER &#8211; Pupille<\/p>\n<p style=\"text-align: center\">\ud83e\udd49 Ela EL GAIED &#8211; Pupille<\/p>\n<p style=\"text-align: center\">\ud83e\udd49 Julien PILASTRE &#8211; Junior<\/p>\n<p style=\"text-align: center\"><span style=\"color: #0000ff\">KARATE FULL CONTACT MIX &amp; JJB :\u00a0<\/span><\/p>\n<p style=\"text-align: center\"><strong>\ud83e\udd48 <\/strong>Lina zeddam<\/p>\n<p style=\"text-align: center\"><strong>\ud83e\udd48 <\/strong>Mariam el youssfi<\/p>\n<p style=\"text-align: center\">\ud83e\udd49 Fatima el youssfi<\/p>\n<p style=\"text-align: center\">\ud83e\udd49 Juba igoudjil<\/p>\n<p style=\"text-align: center\">\ud83e\udd49 Amirouche tayeb<\/p>\n<p>[\/vc_column_text][\/vc_column][\/vc_row][vc_row][vc_column][vc_gallery images=\u00a0\u00bb10677,10669,10676,10674,10675,10673,10672,10670,10671&Prime;][\/vc_column][\/vc_row]<\/p>\n<\/div>","protected":false},"excerpt":{"rendered":"<p>[vc_row][vc_column][vc_column_text]L&rsquo;Open International Karat\u00e9 light contact \/ Full Contact a eu lieu le week-end du 22 &amp; 23 f\u00e9vrier 2025 \u00e0 INJ Paris. Les clubs du d\u00e9partement de Seine-Saint-Denis ont particip\u00e9 \u00e0 cet Open. Le Comit\u00e9 D\u00e9partemental CDKDA 93\u00a0 f\u00e9licite les comp\u00e9titeurs pour leur investissement et leur r\u00e9sultat et Bravo aux clubs qui ont particip\u00e9 \u00e0 [&hellip;]<\/p>\n","protected":false},"author":145,"featured_media":10675,"comment_status":"closed","ping_status":"closed","sticky":false,"template":"","format":"standard","meta":{"footnotes":""},"categories":[1,15],"tags":[],"class_list":["post-10662","post","type-post","status-publish","format-standard","hentry","category-non-classe","category-k-full-contact"],"_links":{"self":[{"href":"https:\/\/sites.ffkarate.fr\/seinesaintdenis\/wp-json\/wp\/v2\/posts\/10662","targetHints":{"allow":["GET"]}}],"collection":[{"href":"https:\/\/sites.ffkarate.fr\/seinesaintdenis\/wp-json\/wp\/v2\/posts"}],"about":[{"href":"https:\/\/sites.ffkarate.fr\/seinesaintdenis\/wp-json\/wp\/v2\/types\/post"}],"author":[{"embeddable":true,"href":"https:\/\/sites.ffkarate.fr\/seinesaintdenis\/wp-json\/wp\/v2\/users\/145"}],"replies":[{"embeddable":true,"href":"https:\/\/sites.ffkarate.fr\/seinesaintdenis\/wp-json\/wp\/v2\/comments?post=10662"}],"version-history":[{"count":8,"href":"https:\/\/sites.ffkarate.fr\/seinesaintdenis\/wp-json\/wp\/v2\/posts\/10662\/revisions"}],"predecessor-version":[{"id":10690,"href":"https:\/\/sites.ffkarate.fr\/seinesaintdenis\/wp-json\/wp\/v2\/posts\/10662\/revisions\/10690"}],"wp:featuredmedia":[{"embeddable":true,"href":"https:\/\/sites.ffkarate.fr\/seinesaintdenis\/wp-json\/wp\/v2\/media\/10675"}],"wp:attachment":[{"href":"https:\/\/sites.ffkarate.fr\/seinesaintdenis\/wp-json\/wp\/v2\/media?parent=10662"}],"wp:term":[{"taxonomy":"category","embeddable":true,"href":"https:\/\/sites.ffkarate.fr\/seinesaintdenis\/wp-json\/wp\/v2\/categories?post=10662"},{"taxonomy":"post_tag","embeddable":true,"href":"https:\/\/sites.ffkarate.fr\/seinesaintdenis\/wp-json\/wp\/v2\/tags?post=10662"}],"curies":[{"name":"wp","href":"https:\/\/api.w.org\/{rel}","templated":true}]}}