{"id":11918,"date":"2025-09-20T17:05:25","date_gmt":"2025-09-20T15:05:25","guid":{"rendered":"https:\/\/sites.ffkarate.fr\/seinesaintdenis\/?p=11918"},"modified":"2025-10-25T15:59:58","modified_gmt":"2025-10-25T13:59:58","slug":"octobre-rose-qi-gong-soutenir-le-depistage-11-octobre-2025","status":"publish","type":"post","link":"https:\/\/sites.ffkarate.fr\/seinesaintdenis\/2025\/09\/20\/octobre-rose-qi-gong-soutenir-le-depistage-11-octobre-2025\/","title":{"rendered":"OCTOBRE ROSE &#8211; QI GONG SOUTENIR LE D\u00c9PISTAGE &#8211; 11 OCTOBRE 2025"},"content":{"rendered":"<div class=\"wpb-content-wrapper\"><p>[vc_row][vc_column][vc_column_text]La <span style=\"color: #0000ff\">commission H\u00e9ritage du Comit\u00e9 D\u00e9partemental de Seine-Saint-Denis de Karat\u00e9 et Disciplines Associ\u00e9es<\/span> organise, dans le cadre d\u2019<span style=\"color: #ff0000\">Octobre Rose<\/span>, une s\u00e9ance de<span style=\"color: #ff0000\"> Qi Gong<\/span>.<\/p>\n<p style=\"text-align: center\">Dirig\u00e9e par :<\/p>\n<p style=\"text-align: center\"><span style=\"color: #0000ff\">Elisabeth Biais<\/span> &#8211; <span style=\"color: #ff0000\">7\u00e8me Dan<\/span><\/p>\n<p style=\"text-align: center\"><span style=\"color: #ff0000\">Samedi 11 octobre 2025<\/span><\/p>\n<p style=\"text-align: center\"><span style=\"color: #ff0000\">\u00a017h00 \u00e0 18h30<\/span><\/p>\n<p style=\"text-align: center\"><span style=\"color: #008000\">Ouvert aux licenci\u00e9s 2025-2026, femmes et hommes<\/span><\/p>\n<p style=\"text-align: center\"><span style=\"color: #ff0000\">Tarif : Gratuit<\/span><\/p>\n<p style=\"text-align: center\"><span style=\"color: #0000ff\">Gymnase Alain Mimoun<\/span><br \/>\n<span style=\"color: #0000ff\">38 all\u00e9e des Deux Communes<\/span><br \/>\n<span style=\"color: #0000ff\">93250 Villemomble<\/span><\/p>\n<p>[\/vc_column_text][\/vc_column][\/vc_row]<\/p>\n<\/div>","protected":false},"excerpt":{"rendered":"<p>[vc_row][vc_column][vc_column_text]La commission H\u00e9ritage du Comit\u00e9 D\u00e9partemental de Seine-Saint-Denis de Karat\u00e9 et Disciplines Associ\u00e9es organise, dans le cadre d\u2019Octobre Rose, une s\u00e9ance de Qi Gong. Dirig\u00e9e par : Elisabeth Biais &#8211; 7\u00e8me Dan Samedi 11 octobre 2025 \u00a017h00 \u00e0 18h30 Ouvert aux licenci\u00e9s 2025-2026, femmes et hommes Tarif : Gratuit Gymnase Alain Mimoun 38 all\u00e9e des [&hellip;]<\/p>\n","protected":false},"author":145,"featured_media":11922,"comment_status":"open","ping_status":"open","sticky":false,"template":"","format":"standard","meta":{"footnotes":""},"categories":[5,1],"tags":[],"class_list":["post-11918","post","type-post","status-publish","format-standard","hentry","category-actualites","category-non-classe"],"_links":{"self":[{"href":"https:\/\/sites.ffkarate.fr\/seinesaintdenis\/wp-json\/wp\/v2\/posts\/11918","targetHints":{"allow":["GET"]}}],"collection":[{"href":"https:\/\/sites.ffkarate.fr\/seinesaintdenis\/wp-json\/wp\/v2\/posts"}],"about":[{"href":"https:\/\/sites.ffkarate.fr\/seinesaintdenis\/wp-json\/wp\/v2\/types\/post"}],"author":[{"embeddable":true,"href":"https:\/\/sites.ffkarate.fr\/seinesaintdenis\/wp-json\/wp\/v2\/users\/145"}],"replies":[{"embeddable":true,"href":"https:\/\/sites.ffkarate.fr\/seinesaintdenis\/wp-json\/wp\/v2\/comments?post=11918"}],"version-history":[{"count":3,"href":"https:\/\/sites.ffkarate.fr\/seinesaintdenis\/wp-json\/wp\/v2\/posts\/11918\/revisions"}],"predecessor-version":[{"id":11921,"href":"https:\/\/sites.ffkarate.fr\/seinesaintdenis\/wp-json\/wp\/v2\/posts\/11918\/revisions\/11921"}],"wp:featuredmedia":[{"embeddable":true,"href":"https:\/\/sites.ffkarate.fr\/seinesaintdenis\/wp-json\/wp\/v2\/media\/11922"}],"wp:attachment":[{"href":"https:\/\/sites.ffkarate.fr\/seinesaintdenis\/wp-json\/wp\/v2\/media?parent=11918"}],"wp:term":[{"taxonomy":"category","embeddable":true,"href":"https:\/\/sites.ffkarate.fr\/seinesaintdenis\/wp-json\/wp\/v2\/categories?post=11918"},{"taxonomy":"post_tag","embeddable":true,"href":"https:\/\/sites.ffkarate.fr\/seinesaintdenis\/wp-json\/wp\/v2\/tags?post=11918"}],"curies":[{"name":"wp","href":"https:\/\/api.w.org\/{rel}","templated":true}]}}