{"id":4563,"date":"2021-12-07T10:56:48","date_gmt":"2021-12-07T09:56:48","guid":{"rendered":"https:\/\/sites.ffkarate.fr\/seinesaintdenis\/?p=4563"},"modified":"2021-12-23T10:57:01","modified_gmt":"2021-12-23T09:57:01","slug":"coupe-de-france-kata-4-et-5-decembre-2021-a-orleans","status":"publish","type":"post","link":"https:\/\/sites.ffkarate.fr\/seinesaintdenis\/2021\/12\/07\/coupe-de-france-kata-4-et-5-decembre-2021-a-orleans\/","title":{"rendered":"Coupe de France Kata 4 et 5 d\u00e9cembre 2021 \u00e0 Orl\u00e9ans"},"content":{"rendered":"<div class=\"wpb-content-wrapper\"><p>[vc_row][vc_column][vc_column_text]<\/p>\n<div dir=\"auto\">Fabien Tran, m\u00e9daille d\u2019argent \u00e0 la Coupe de France Kata.<\/div>\n<div dir=\"auto\">En cat\u00e9gorie S\u00e9nior depuis tout juste quatre mois.<\/div>\n<div dir=\"auto\">Deuxi\u00e8me podium national en deux mois.<\/div>\n<div dir=\"auto\">F\u00e9licitations pour ce beau parcours et tout le travail.<\/div>\n<p>[\/vc_column_text][\/vc_column][\/vc_row]<\/p>\n<\/div>","protected":false},"excerpt":{"rendered":"<p>[vc_row][vc_column][vc_column_text] Fabien Tran, m\u00e9daille d\u2019argent \u00e0 la Coupe de France Kata. En cat\u00e9gorie S\u00e9nior depuis tout juste quatre mois. Deuxi\u00e8me podium national en deux mois. F\u00e9licitations pour ce beau parcours et tout le travail. [\/vc_column_text][\/vc_column][\/vc_row]<\/p>\n","protected":false},"author":145,"featured_media":4564,"comment_status":"closed","ping_status":"closed","sticky":false,"template":"","format":"standard","meta":{"footnotes":""},"categories":[5,10,1,14],"tags":[],"class_list":["post-4563","post","type-post","status-publish","format-standard","hentry","category-actualites","category-competitions","category-non-classe","category-karate"],"_links":{"self":[{"href":"https:\/\/sites.ffkarate.fr\/seinesaintdenis\/wp-json\/wp\/v2\/posts\/4563","targetHints":{"allow":["GET"]}}],"collection":[{"href":"https:\/\/sites.ffkarate.fr\/seinesaintdenis\/wp-json\/wp\/v2\/posts"}],"about":[{"href":"https:\/\/sites.ffkarate.fr\/seinesaintdenis\/wp-json\/wp\/v2\/types\/post"}],"author":[{"embeddable":true,"href":"https:\/\/sites.ffkarate.fr\/seinesaintdenis\/wp-json\/wp\/v2\/users\/145"}],"replies":[{"embeddable":true,"href":"https:\/\/sites.ffkarate.fr\/seinesaintdenis\/wp-json\/wp\/v2\/comments?post=4563"}],"version-history":[{"count":1,"href":"https:\/\/sites.ffkarate.fr\/seinesaintdenis\/wp-json\/wp\/v2\/posts\/4563\/revisions"}],"predecessor-version":[{"id":4565,"href":"https:\/\/sites.ffkarate.fr\/seinesaintdenis\/wp-json\/wp\/v2\/posts\/4563\/revisions\/4565"}],"wp:featuredmedia":[{"embeddable":true,"href":"https:\/\/sites.ffkarate.fr\/seinesaintdenis\/wp-json\/wp\/v2\/media\/4564"}],"wp:attachment":[{"href":"https:\/\/sites.ffkarate.fr\/seinesaintdenis\/wp-json\/wp\/v2\/media?parent=4563"}],"wp:term":[{"taxonomy":"category","embeddable":true,"href":"https:\/\/sites.ffkarate.fr\/seinesaintdenis\/wp-json\/wp\/v2\/categories?post=4563"},{"taxonomy":"post_tag","embeddable":true,"href":"https:\/\/sites.ffkarate.fr\/seinesaintdenis\/wp-json\/wp\/v2\/tags?post=4563"}],"curies":[{"name":"wp","href":"https:\/\/api.w.org\/{rel}","templated":true}]}}