{"id":5678,"date":"2023-02-06T12:06:34","date_gmt":"2023-02-06T11:06:34","guid":{"rendered":"https:\/\/sites.ffkarate.fr\/seinesaintdenis\/?p=5678"},"modified":"2023-02-16T16:28:38","modified_gmt":"2023-02-16T15:28:38","slug":"stage-arbitrage-5-fevrier-2023","status":"publish","type":"post","link":"https:\/\/sites.ffkarate.fr\/seinesaintdenis\/2023\/02\/06\/stage-arbitrage-5-fevrier-2023\/","title":{"rendered":"STAGE ARBITRAGE &#8211; 5 F\u00c9VRIER 2023"},"content":{"rendered":"<div class=\"wpb-content-wrapper\"><p>[vc_row][vc_column][vc_column_text]Ce dimanche 5 f\u00e9vrier 2023, <strong>25 arbitres et 7 stagiaires du DIF<\/strong> ont assist\u00e9 au stage d\u00e9partemental d&rsquo;arbitrage men\u00e9 par <span style=\"color: #0000ff\">Julie BAUDY<\/span> et <span style=\"color: #0000ff\">Patrick HAI<\/span>.<\/p>\n<p>Plus de 4 heures intenses de r\u00e9vision ! Tout d&rsquo;abord, nous avons revus les points importants du r\u00e8glement puis nous avons enfil\u00e9 les karategi pour nous entra\u00eener en situation r\u00e9elle.<\/p>\n<p>Ce type d\u2019exercice est tr\u00e8s formateur. Les stagiaires ont commenc\u00e9 \u00e0 prendre confiance en eux et \u00e0 s&rsquo;exercer au centre alors que les anciens ont travaill\u00e9 des situations inhabituelles et ont peaufin\u00e9 leur gestuelle pour les examens r\u00e9gionaux KATA ET COMBAT.<\/p>\n<p>Cette ann\u00e9e, nous avons <strong>6 candidats en kumite<\/strong> et <strong>3 candidats en Kata<\/strong>. Pour s&rsquo;y pr\u00e9parer, ils ont \u00e9t\u00e9 nombreux \u00e0 aller arbitrer dans les <span style=\"color: #0000ff\">Ligues de Paris<\/span> et du <span style=\"color: #0000ff\">Val d\u2019Oise<\/span> en janvier afin d&rsquo;acqu\u00e9rir plus d&rsquo;exp\u00e9rience. De plus, ils ont travaill\u00e9 la r\u00e9glementation en r\u00e9pondant dans des QCM de pr\u00e9paration aux examens.<\/p>\n<p>Souhaitons-leur une belle r\u00e9ussite car ils le m\u00e9ritent amplement.[\/vc_column_text][\/vc_column][\/vc_row][vc_row][vc_column][vc_gallery images=\u00a0\u00bb5693,5694,5692,5689,5688,5687,5686,5685,5691,5690&Prime;][\/vc_column][\/vc_row]<\/p>\n<\/div>","protected":false},"excerpt":{"rendered":"<p>[vc_row][vc_column][vc_column_text]Ce dimanche 5 f\u00e9vrier 2023, 25 arbitres et 7 stagiaires du DIF ont assist\u00e9 au stage d\u00e9partemental d&rsquo;arbitrage men\u00e9 par Julie BAUDY et Patrick HAI. Plus de 4 heures intenses de r\u00e9vision ! Tout d&rsquo;abord, nous avons revus les points importants du r\u00e8glement puis nous avons enfil\u00e9 les karategi pour nous entra\u00eener en situation r\u00e9elle. [&hellip;]<\/p>\n","protected":false},"author":145,"featured_media":5686,"comment_status":"closed","ping_status":"closed","sticky":false,"template":"","format":"standard","meta":{"footnotes":""},"categories":[5,8,14],"tags":[],"class_list":["post-5678","post","type-post","status-publish","format-standard","hentry","category-actualites","category-arbitrage","category-karate"],"_links":{"self":[{"href":"https:\/\/sites.ffkarate.fr\/seinesaintdenis\/wp-json\/wp\/v2\/posts\/5678","targetHints":{"allow":["GET"]}}],"collection":[{"href":"https:\/\/sites.ffkarate.fr\/seinesaintdenis\/wp-json\/wp\/v2\/posts"}],"about":[{"href":"https:\/\/sites.ffkarate.fr\/seinesaintdenis\/wp-json\/wp\/v2\/types\/post"}],"author":[{"embeddable":true,"href":"https:\/\/sites.ffkarate.fr\/seinesaintdenis\/wp-json\/wp\/v2\/users\/145"}],"replies":[{"embeddable":true,"href":"https:\/\/sites.ffkarate.fr\/seinesaintdenis\/wp-json\/wp\/v2\/comments?post=5678"}],"version-history":[{"count":4,"href":"https:\/\/sites.ffkarate.fr\/seinesaintdenis\/wp-json\/wp\/v2\/posts\/5678\/revisions"}],"predecessor-version":[{"id":5696,"href":"https:\/\/sites.ffkarate.fr\/seinesaintdenis\/wp-json\/wp\/v2\/posts\/5678\/revisions\/5696"}],"wp:featuredmedia":[{"embeddable":true,"href":"https:\/\/sites.ffkarate.fr\/seinesaintdenis\/wp-json\/wp\/v2\/media\/5686"}],"wp:attachment":[{"href":"https:\/\/sites.ffkarate.fr\/seinesaintdenis\/wp-json\/wp\/v2\/media?parent=5678"}],"wp:term":[{"taxonomy":"category","embeddable":true,"href":"https:\/\/sites.ffkarate.fr\/seinesaintdenis\/wp-json\/wp\/v2\/categories?post=5678"},{"taxonomy":"post_tag","embeddable":true,"href":"https:\/\/sites.ffkarate.fr\/seinesaintdenis\/wp-json\/wp\/v2\/tags?post=5678"}],"curies":[{"name":"wp","href":"https:\/\/api.w.org\/{rel}","templated":true}]}}