{"id":6258,"date":"2023-04-19T18:40:06","date_gmt":"2023-04-19T16:40:06","guid":{"rendered":"https:\/\/sites.ffkarate.fr\/seinesaintdenis\/?p=6258"},"modified":"2023-04-22T18:51:20","modified_gmt":"2023-04-22T16:51:20","slug":"objectif-haute-performance-2024-aide-aux-sportifs-de-haut-niveau-franciliens","status":"publish","type":"post","link":"https:\/\/sites.ffkarate.fr\/seinesaintdenis\/2023\/04\/19\/objectif-haute-performance-2024-aide-aux-sportifs-de-haut-niveau-franciliens\/","title":{"rendered":"OBJECTIF HAUTE PERFORMANCE 2024 &#8211; AIDE AUX SPORTIFS DE HAUT NIVEAU FRANCILIENS"},"content":{"rendered":"<div class=\"wpb-content-wrapper\"><p>[vc_row][vc_column][vc_column_text]<\/p>\n<div>\n<p>Le <span style=\"color: #0000ff\">Comit\u00e9 D\u00e9partemental de Seine-Saint-Denis de Karat\u00e9 et Disciplines Associ\u00e9es<\/span> &amp; <span style=\"color: #000000\">les deux clubs s\u00e9lectionn\u00e9<\/span><span style=\"color: #000000\">s <\/span>\u00ab \u00a0<span style=\"color: #ff0000\">KCVO et Sporting Club de Bobigny<\/span> \u00bb par la <span style=\"color: #0000ff\">R\u00e9gion \u00cele-de-France<\/span> \u00e9taient pr\u00e9sents le mercredi 12 avril, \u00e0 la soir\u00e9e de renouvellement de son dispositif \u00ab<span style=\"color: #ff0000\"> Objectif Haute Performance 2024 &#8211; Aide aux sportifs de haut niveau franciliens<\/span><span style=\"color: #000000\"> \u00bb, en pr\u00e9sence de la<\/span> <span style=\"color: #000000\">Pr\u00e9sidente Val\u00e9rie PECRESSE et du Vice-pr\u00e9sident Patrick Karam.<\/span><\/p>\n<p>&nbsp;<\/p>\n<p style=\"text-align: center\"><span style=\"color: #008080\">Tr\u00e8s fier d\u2019avoir repr\u00e9sent\u00e9 le d\u00e9partement de Seine Saint Denis \u00e0 cet \u00e9v\u00e9nement<\/span><\/p>\n<p>&nbsp;<\/p>\n<div style=\"text-align: center\">\n<p>D\u00e9couvrez l&rsquo;article de la <span style=\"color: #0000ff\">R\u00e9gion \u00cele-de-France :<\/span><\/p>\n<p><a href=\"https:\/\/www.iledefrance.fr\/deja-253-sportifs-franciliens-de-haut-niveau-soutenus-par-la-region\" target=\"_blank\" rel=\"noopener\">D\u00e9j\u00e0 253 sportifs franciliens de haut niveau soutenus par la R\u00e9gion\u00a0<\/a><\/p>\n<p>&nbsp;<\/p>\n<p><img decoding=\"async\" class=\"alignnone size-medium wp-image-6262\" src=\"https:\/\/sites.ffkarate.fr\/seinesaintdenis\/wp-content\/uploads\/sites\/92\/2023\/04\/SPORT2-300x203.jpg\" alt=\"\" width=\"300\" height=\"203\" srcset=\"https:\/\/sites.ffkarate.fr\/seinesaintdenis\/wp-content\/uploads\/sites\/92\/2023\/04\/SPORT2-300x203.jpg 300w, https:\/\/sites.ffkarate.fr\/seinesaintdenis\/wp-content\/uploads\/sites\/92\/2023\/04\/SPORT2.jpg 385w\" sizes=\"(max-width: 300px) 100vw, 300px\" \/><\/p>\n<div style=\"text-align: center\">\n<p>Photo : R\u00e9gion \u00cele-de-France<\/p>\n<\/div>\n<\/div>\n<\/div>\n<p>[\/vc_column_text][\/vc_column][\/vc_row]<\/p>\n<\/div>","protected":false},"excerpt":{"rendered":"<p>[vc_row][vc_column][vc_column_text] Le Comit\u00e9 D\u00e9partemental de Seine-Saint-Denis de Karat\u00e9 et Disciplines Associ\u00e9es &amp; les deux clubs s\u00e9lectionn\u00e9s \u00ab \u00a0KCVO et Sporting Club de Bobigny \u00bb par la R\u00e9gion \u00cele-de-France \u00e9taient pr\u00e9sents le mercredi 12 avril, \u00e0 la soir\u00e9e de renouvellement de son dispositif \u00ab Objectif Haute Performance 2024 &#8211; Aide aux sportifs de haut niveau franciliens [&hellip;]<\/p>\n","protected":false},"author":145,"featured_media":6271,"comment_status":"closed","ping_status":"closed","sticky":false,"template":"","format":"standard","meta":{"footnotes":""},"categories":[5],"tags":[],"class_list":["post-6258","post","type-post","status-publish","format-standard","hentry","category-actualites"],"_links":{"self":[{"href":"https:\/\/sites.ffkarate.fr\/seinesaintdenis\/wp-json\/wp\/v2\/posts\/6258","targetHints":{"allow":["GET"]}}],"collection":[{"href":"https:\/\/sites.ffkarate.fr\/seinesaintdenis\/wp-json\/wp\/v2\/posts"}],"about":[{"href":"https:\/\/sites.ffkarate.fr\/seinesaintdenis\/wp-json\/wp\/v2\/types\/post"}],"author":[{"embeddable":true,"href":"https:\/\/sites.ffkarate.fr\/seinesaintdenis\/wp-json\/wp\/v2\/users\/145"}],"replies":[{"embeddable":true,"href":"https:\/\/sites.ffkarate.fr\/seinesaintdenis\/wp-json\/wp\/v2\/comments?post=6258"}],"version-history":[{"count":9,"href":"https:\/\/sites.ffkarate.fr\/seinesaintdenis\/wp-json\/wp\/v2\/posts\/6258\/revisions"}],"predecessor-version":[{"id":6269,"href":"https:\/\/sites.ffkarate.fr\/seinesaintdenis\/wp-json\/wp\/v2\/posts\/6258\/revisions\/6269"}],"wp:featuredmedia":[{"embeddable":true,"href":"https:\/\/sites.ffkarate.fr\/seinesaintdenis\/wp-json\/wp\/v2\/media\/6271"}],"wp:attachment":[{"href":"https:\/\/sites.ffkarate.fr\/seinesaintdenis\/wp-json\/wp\/v2\/media?parent=6258"}],"wp:term":[{"taxonomy":"category","embeddable":true,"href":"https:\/\/sites.ffkarate.fr\/seinesaintdenis\/wp-json\/wp\/v2\/categories?post=6258"},{"taxonomy":"post_tag","embeddable":true,"href":"https:\/\/sites.ffkarate.fr\/seinesaintdenis\/wp-json\/wp\/v2\/tags?post=6258"}],"curies":[{"name":"wp","href":"https:\/\/api.w.org\/{rel}","templated":true}]}}