{"id":1223,"date":"2021-11-23T15:49:16","date_gmt":"2021-11-23T14:49:16","guid":{"rendered":"https:\/\/sites.ffkarate.fr\/somme\/?p=1223"},"modified":"2021-11-29T13:08:25","modified_gmt":"2021-11-29T12:08:25","slug":"coupe-et-championnat-de-la-somme-samedi-15-janvier-2022-a-abbeville","status":"publish","type":"post","link":"https:\/\/sites.ffkarate.fr\/somme\/2021\/11\/23\/coupe-et-championnat-de-la-somme-samedi-15-janvier-2022-a-abbeville\/","title":{"rendered":"Coupe et Championnat de la Somme &#8211; Dimanche 16 janvier 2022 \u00e0 ABBEVILLE"},"content":{"rendered":"<div class=\"wpb-content-wrapper\"><p>[vc_row][vc_column][vc_column_text]La coupe et le championnat de la Somme \u00e9dition 2022 auront lieu le dimanche 16 janvier 2022 \u00e0 ABBEVILLE (gymnase du Ponthieu &#8211; avenue du pr\u00e9sident Ren\u00e9 Coty) gr\u00e2ce \u00e0 l&rsquo;accueil du club Ippon Karat\u00e9 Abbeville.<\/p>\n<p>Les inscriptions des comp\u00e9titeurs doit se faire en ligne avant le 19 d\u00e9cembre 2021 sur <a href=\"https:\/\/www.ffkcompetition.fr\/\" target=\"_blank\" rel=\"noopener\">https:\/\/www.ffkcompetition.fr\/<\/a><\/p>\n<p>L&rsquo;inscription pour les comp\u00e9titeurs et l&rsquo;entr\u00e9e pour le public sont GRATUITS<\/p>\n<div>\n<p>En raison du contexte sanitaire, <b>le protocole sanitaire relatif aux comp\u00e9titions \u00e9tabli par la FFKarat\u00e9 sera appliqu\u00e9. Par cons\u00e9quent, toute personne de plus de 12 ans devra pr\u00e9senter un pass sanitaire valide pour acc\u00e9der au gymnase. Toute personne qui ne sera pas en mesure de pr\u00e9senter un pass sanitaire valable se verra refuser l&rsquo;acc\u00e8s \u00e0 la comp\u00e9tition et au gymnase.<\/b><\/p>\n<p>&nbsp;<\/p>\n<\/div>\n<div>\n<p><b>Horaires des contr\u00f4les le dimanche 16 janvier 2022<\/b><\/p>\n<p>&nbsp;<\/p>\n<\/div>\n<div>\n<p><u><b>COUPE <\/b><\/u><br \/>\nKATA<\/p>\n<p>Poussins M\/F\u00a0: 8h30<\/p>\n<p>Pupilles M\/F\u00a0: 8h45<\/p>\n<p>Benjamins M\/F\u00a0: 9h00<\/p>\n<p>KUMITE<\/p>\n<p>Poussins M\/F\u00a0: 10h00<\/p>\n<p>Pupilles M\/F\u00a0: 10h15<\/p>\n<p>Benjamins M\/F\u00a0: 10h30<\/p>\n<p><u><b>CHAMPIONNAT<\/b><\/u><\/p>\n<p>KATA<\/p>\n<p>Minimes M\/F\u00a0: 11h15<\/p>\n<p>Cadets M\/F\u00a0: 11h00<\/p>\n<p>Juniors M\/F\u00a0: 11h15<\/p>\n<p>Seniors &#8211; V\u00e9t\u00e9rans M\/F : 11h00<\/p>\n<p>&nbsp;<\/p>\n<p>KUMITE<\/p>\n<p>Minimes M\/F\u00a0: 11h45<\/p>\n<p>Cadets M\/F\u00a0: 11h30<\/p>\n<p>Juniors M\/F\u00a0: 11h45<\/p>\n<p>Seniors &#8211; V\u00e9t\u00e9rans M\/F : 11h30<\/p>\n<\/div>\n<p>Points de vigilance :<\/p>\n<ul>\n<li>veiller \u00e0 inscrire les comp\u00e9titeurs dans la bonne cat\u00e9gorie de poids (pesez les avant de les inscrire)<\/li>\n<li>tous les comp\u00e9titeurs devront avoir un passeport en cours de validit\u00e9<\/li>\n<li>tous les mineurs devront \u00eatre munis d&rsquo;une autorisation parentale de la saison en cours (de pr\u00e9f\u00e9rence \u00e0 faire remplir et signer dans le passeport sportif)<\/li>\n<li>tous les comp\u00e9titeurs doivent avoir l&rsquo;ensemble des jeux de protections dans les 2 couleurs (le comit\u00e9 de fera aucun pr\u00eat de mat\u00e9riel)<\/li>\n<li>Carte nationale d&rsquo;identit\u00e9 pour le championnat de la Somme<\/li>\n<\/ul>\n<div>\n<p><a href=\"https:\/\/sites.ffkarate.fr\/somme\/wp-content\/uploads\/sites\/94\/2021\/11\/Reglement-darbitrage-2021-2022.pdf\">Reglement-darbitrage-2021-2022<\/a><\/p>\n<p><a href=\"https:\/\/sites.ffkarate.fr\/somme\/wp-content\/uploads\/sites\/94\/2021\/11\/PROTOCOLE_SANITAIRE-DES-COMPETITIONS.pdf\">PROTOCOLE_SANITAIRE-DES-COMPETITIONS<\/a><\/p>\n<p><a href=\"https:\/\/sites.ffkarate.fr\/somme\/wp-content\/uploads\/sites\/94\/2021\/11\/categorie_age_poids_2021-2022-1.pdf\">categorie_age_poids_2021-2022-1<\/a><\/p>\n<\/div>\n<p><img decoding=\"async\" class=\"aligncenter size-large wp-image-1233\" src=\"https:\/\/sites.ffkarate.fr\/somme\/wp-content\/uploads\/sites\/94\/2021\/11\/coupe-et-championnat-2022-2-724x1024.jpg\" alt=\"\" width=\"724\" height=\"1024\" srcset=\"https:\/\/sites.ffkarate.fr\/somme\/wp-content\/uploads\/sites\/94\/2021\/11\/coupe-et-championnat-2022-2-724x1024.jpg 724w, https:\/\/sites.ffkarate.fr\/somme\/wp-content\/uploads\/sites\/94\/2021\/11\/coupe-et-championnat-2022-2-212x300.jpg 212w, https:\/\/sites.ffkarate.fr\/somme\/wp-content\/uploads\/sites\/94\/2021\/11\/coupe-et-championnat-2022-2-768x1086.jpg 768w, https:\/\/sites.ffkarate.fr\/somme\/wp-content\/uploads\/sites\/94\/2021\/11\/coupe-et-championnat-2022-2-1086x1536.jpg 1086w, https:\/\/sites.ffkarate.fr\/somme\/wp-content\/uploads\/sites\/94\/2021\/11\/coupe-et-championnat-2022-2-1448x2048.jpg 1448w, https:\/\/sites.ffkarate.fr\/somme\/wp-content\/uploads\/sites\/94\/2021\/11\/coupe-et-championnat-2022-2-scaled.jpg 1810w\" sizes=\"(max-width: 724px) 100vw, 724px\" \/>[\/vc_column_text][\/vc_column][\/vc_row]<\/p>\n<\/div>","protected":false},"excerpt":{"rendered":"<p>[vc_row][vc_column][vc_column_text]La coupe et le championnat de la Somme \u00e9dition 2022 auront lieu le dimanche 16 janvier 2022 \u00e0 ABBEVILLE (gymnase du Ponthieu &#8211; avenue du pr\u00e9sident Ren\u00e9 Coty) gr\u00e2ce \u00e0 l&rsquo;accueil du club Ippon Karat\u00e9 Abbeville. Les inscriptions des comp\u00e9titeurs doit se faire en ligne avant le 19 d\u00e9cembre 2021 sur https:\/\/www.ffkcompetition.fr\/ L&rsquo;inscription pour les [&hellip;]<\/p>\n","protected":false},"author":147,"featured_media":1233,"comment_status":"closed","ping_status":"closed","sticky":false,"template":"","format":"standard","meta":{"footnotes":""},"categories":[1],"tags":[],"class_list":["post-1223","post","type-post","status-publish","format-standard","hentry","category-non-classe"],"_links":{"self":[{"href":"https:\/\/sites.ffkarate.fr\/somme\/wp-json\/wp\/v2\/posts\/1223","targetHints":{"allow":["GET"]}}],"collection":[{"href":"https:\/\/sites.ffkarate.fr\/somme\/wp-json\/wp\/v2\/posts"}],"about":[{"href":"https:\/\/sites.ffkarate.fr\/somme\/wp-json\/wp\/v2\/types\/post"}],"author":[{"embeddable":true,"href":"https:\/\/sites.ffkarate.fr\/somme\/wp-json\/wp\/v2\/users\/147"}],"replies":[{"embeddable":true,"href":"https:\/\/sites.ffkarate.fr\/somme\/wp-json\/wp\/v2\/comments?post=1223"}],"version-history":[{"count":2,"href":"https:\/\/sites.ffkarate.fr\/somme\/wp-json\/wp\/v2\/posts\/1223\/revisions"}],"predecessor-version":[{"id":1234,"href":"https:\/\/sites.ffkarate.fr\/somme\/wp-json\/wp\/v2\/posts\/1223\/revisions\/1234"}],"wp:featuredmedia":[{"embeddable":true,"href":"https:\/\/sites.ffkarate.fr\/somme\/wp-json\/wp\/v2\/media\/1233"}],"wp:attachment":[{"href":"https:\/\/sites.ffkarate.fr\/somme\/wp-json\/wp\/v2\/media?parent=1223"}],"wp:term":[{"taxonomy":"category","embeddable":true,"href":"https:\/\/sites.ffkarate.fr\/somme\/wp-json\/wp\/v2\/categories?post=1223"},{"taxonomy":"post_tag","embeddable":true,"href":"https:\/\/sites.ffkarate.fr\/somme\/wp-json\/wp\/v2\/tags?post=1223"}],"curies":[{"name":"wp","href":"https:\/\/api.w.org\/{rel}","templated":true}]}}