{"id":2508,"date":"2026-04-27T14:53:42","date_gmt":"2026-04-27T12:53:42","guid":{"rendered":"https:\/\/sites.ffkarate.fr\/somme\/?p=2508"},"modified":"2026-04-27T14:53:42","modified_gmt":"2026-04-27T12:53:42","slug":"stage-karate-seniors-sante","status":"publish","type":"post","link":"https:\/\/sites.ffkarate.fr\/somme\/2026\/04\/27\/stage-karate-seniors-sante\/","title":{"rendered":"Stage Karat\u00e9 Seniors Sant\u00e9"},"content":{"rendered":"<div class=\"wpb-content-wrapper\"><p>[vc_row][vc_column][vc_column_text]Une belle r\u00e9ussite ce samedi 25\/04\/2026!<br \/>\nPlus de trente participants se sont r\u00e9unis, venus de Saint-Quentin, Gauchy, Ham, Corbie, Amiens et P\u00e9ronne.<br \/>\nUne grande premi\u00e8re pour le CDK80, plac\u00e9e sous le signe de la convivialit\u00e9 et du travail : coordination, m\u00e9morisation et partage d\u2019exp\u00e9rience \u00e9taient au c\u0153ur de cette matin\u00e9e.<br \/>\nLe tout avec des exercices ludiques et de v\u00e9ritables casse-t\u00eate, qui ont challeng\u00e9 les stagiaires\u2026 tout en leur permettant de bien s\u2019amuser<br \/>\nUn grand merci \u00e0 Ghislain Th\u00e9ry, directeur technique d\u00e9partemental (7e Dan) et expert r\u00e9gional, pour la qualit\u00e9 de son intervention.<br \/>\nBravo \u00e0 tous les participants pour leur engagement et leur bonne humeur ![\/vc_column_text][\/vc_column][\/vc_row]<\/p>\n<\/div>","protected":false},"excerpt":{"rendered":"<p>[vc_row][vc_column][vc_column_text]Une belle r\u00e9ussite ce samedi 25\/04\/2026! Plus de trente participants se sont r\u00e9unis, venus de Saint-Quentin, Gauchy, Ham, Corbie, Amiens et P\u00e9ronne. Une grande premi\u00e8re pour le CDK80, plac\u00e9e sous le signe de la convivialit\u00e9 et du travail : coordination, m\u00e9morisation et partage d\u2019exp\u00e9rience \u00e9taient au c\u0153ur de cette matin\u00e9e. Le tout avec des exercices [&hellip;]<\/p>\n","protected":false},"author":147,"featured_media":2509,"comment_status":"open","ping_status":"open","sticky":false,"template":"","format":"standard","meta":{"footnotes":""},"categories":[1],"tags":[],"class_list":["post-2508","post","type-post","status-publish","format-standard","hentry","category-non-classe"],"_links":{"self":[{"href":"https:\/\/sites.ffkarate.fr\/somme\/wp-json\/wp\/v2\/posts\/2508","targetHints":{"allow":["GET"]}}],"collection":[{"href":"https:\/\/sites.ffkarate.fr\/somme\/wp-json\/wp\/v2\/posts"}],"about":[{"href":"https:\/\/sites.ffkarate.fr\/somme\/wp-json\/wp\/v2\/types\/post"}],"author":[{"embeddable":true,"href":"https:\/\/sites.ffkarate.fr\/somme\/wp-json\/wp\/v2\/users\/147"}],"replies":[{"embeddable":true,"href":"https:\/\/sites.ffkarate.fr\/somme\/wp-json\/wp\/v2\/comments?post=2508"}],"version-history":[{"count":2,"href":"https:\/\/sites.ffkarate.fr\/somme\/wp-json\/wp\/v2\/posts\/2508\/revisions"}],"predecessor-version":[{"id":2511,"href":"https:\/\/sites.ffkarate.fr\/somme\/wp-json\/wp\/v2\/posts\/2508\/revisions\/2511"}],"wp:featuredmedia":[{"embeddable":true,"href":"https:\/\/sites.ffkarate.fr\/somme\/wp-json\/wp\/v2\/media\/2509"}],"wp:attachment":[{"href":"https:\/\/sites.ffkarate.fr\/somme\/wp-json\/wp\/v2\/media?parent=2508"}],"wp:term":[{"taxonomy":"category","embeddable":true,"href":"https:\/\/sites.ffkarate.fr\/somme\/wp-json\/wp\/v2\/categories?post=2508"},{"taxonomy":"post_tag","embeddable":true,"href":"https:\/\/sites.ffkarate.fr\/somme\/wp-json\/wp\/v2\/tags?post=2508"}],"curies":[{"name":"wp","href":"https:\/\/api.w.org\/{rel}","templated":true}]}}