{"id":2522,"date":"2026-04-30T14:26:50","date_gmt":"2026-04-30T12:26:50","guid":{"rendered":"https:\/\/sites.ffkarate.fr\/somme\/?p=2522"},"modified":"2026-04-30T14:26:50","modified_gmt":"2026-04-30T12:26:50","slug":"arbitre-national-kumite-a","status":"publish","type":"post","link":"https:\/\/sites.ffkarate.fr\/somme\/2026\/04\/30\/arbitre-national-kumite-a\/","title":{"rendered":"Arbitre national Kumit\u00e9 A"},"content":{"rendered":"<div class=\"wpb-content-wrapper\"><p>[vc_row][vc_column][vc_column_text]Christophe Brunelet, Responsable de l&rsquo;arbitrage du d\u00e9partement vient de terminer son parcours national en kumit\u00e9 national A, apr\u00e8s\u00a0 avoir obtenu en novembre le titre de\u00a0 juge national A kata<\/p>\n<p>F\u00e9licitation \u00e0 lui \ud83d\udc4f\ud83d\udc4f[\/vc_column_text][\/vc_column][\/vc_row]<\/p>\n<\/div>","protected":false},"excerpt":{"rendered":"<p>[vc_row][vc_column][vc_column_text]Christophe Brunelet, Responsable de l&rsquo;arbitrage du d\u00e9partement vient de terminer son parcours national en kumit\u00e9 national A, apr\u00e8s\u00a0 avoir obtenu en novembre le titre de\u00a0 juge national A kata F\u00e9licitation \u00e0 lui \ud83d\udc4f\ud83d\udc4f[\/vc_column_text][\/vc_column][\/vc_row]<\/p>\n","protected":false},"author":147,"featured_media":2523,"comment_status":"open","ping_status":"open","sticky":false,"template":"","format":"standard","meta":{"footnotes":""},"categories":[1],"tags":[],"class_list":["post-2522","post","type-post","status-publish","format-standard","hentry","category-non-classe"],"_links":{"self":[{"href":"https:\/\/sites.ffkarate.fr\/somme\/wp-json\/wp\/v2\/posts\/2522","targetHints":{"allow":["GET"]}}],"collection":[{"href":"https:\/\/sites.ffkarate.fr\/somme\/wp-json\/wp\/v2\/posts"}],"about":[{"href":"https:\/\/sites.ffkarate.fr\/somme\/wp-json\/wp\/v2\/types\/post"}],"author":[{"embeddable":true,"href":"https:\/\/sites.ffkarate.fr\/somme\/wp-json\/wp\/v2\/users\/147"}],"replies":[{"embeddable":true,"href":"https:\/\/sites.ffkarate.fr\/somme\/wp-json\/wp\/v2\/comments?post=2522"}],"version-history":[{"count":2,"href":"https:\/\/sites.ffkarate.fr\/somme\/wp-json\/wp\/v2\/posts\/2522\/revisions"}],"predecessor-version":[{"id":2525,"href":"https:\/\/sites.ffkarate.fr\/somme\/wp-json\/wp\/v2\/posts\/2522\/revisions\/2525"}],"wp:featuredmedia":[{"embeddable":true,"href":"https:\/\/sites.ffkarate.fr\/somme\/wp-json\/wp\/v2\/media\/2523"}],"wp:attachment":[{"href":"https:\/\/sites.ffkarate.fr\/somme\/wp-json\/wp\/v2\/media?parent=2522"}],"wp:term":[{"taxonomy":"category","embeddable":true,"href":"https:\/\/sites.ffkarate.fr\/somme\/wp-json\/wp\/v2\/categories?post=2522"},{"taxonomy":"post_tag","embeddable":true,"href":"https:\/\/sites.ffkarate.fr\/somme\/wp-json\/wp\/v2\/tags?post=2522"}],"curies":[{"name":"wp","href":"https:\/\/api.w.org\/{rel}","templated":true}]}}