{"id":388,"date":"2020-10-26T17:31:29","date_gmt":"2020-10-26T16:31:29","guid":{"rendered":"https:\/\/sites.ffkarate.fr\/territoiredebelfort\/?post_type=news&amp;p=388"},"modified":"2020-10-26T17:31:29","modified_gmt":"2020-10-26T16:31:29","slug":"prochain-comite-directeur-le-04-novembre-2020-1915","status":"publish","type":"post","link":"https:\/\/sites.ffkarate.fr\/territoiredebelfort\/2020\/10\/26\/prochain-comite-directeur-le-04-novembre-2020-1915\/","title":{"rendered":"Prochain comit\u00e9 directeur en visio le 05 novembre 2020 19:00"},"content":{"rendered":"<div class=\"wpb-content-wrapper\"><p>[vc_row][vc_column][vc_column_text]Le comit\u00e9 directeur pr\u00e9vu initialement le 04.11.2020 est programm\u00e9 en visioconf\u00e9rence zoom le jeudi 05 \u00e0 19h00. Les membres du comit\u00e9 directeur ont \u00e9t\u00e9 destinataires\u00a0 par courriel des codes d&rsquo;acc\u00e8s .Face \u00e0 la seconde vague nous devons changer nos modes de r\u00e9union et de communication afin de respecter les obligations li\u00e9es au confinement; MS[\/vc_column_text][\/vc_column][\/vc_row]<\/p>\n<\/div>","protected":false},"excerpt":{"rendered":"<p>[vc_row][vc_column][vc_column_text]Le comit\u00e9 directeur pr\u00e9vu initialement le 04.11.2020 est programm\u00e9 en visioconf\u00e9rence zoom le jeudi 05 \u00e0 19h00. Les membres du comit\u00e9 directeur ont \u00e9t\u00e9 destinataires\u00a0 par courriel des codes d&rsquo;acc\u00e8s .Face \u00e0 la seconde vague nous devons changer nos modes de r\u00e9union et de communication afin de respecter les obligations li\u00e9es au confinement; MS[\/vc_column_text][\/vc_column][\/vc_row]<\/p>\n","protected":false},"author":148,"featured_media":0,"comment_status":"closed","ping_status":"closed","sticky":false,"template":"","format":"standard","meta":{"footnotes":""},"categories":[1],"tags":[],"class_list":["post-388","post","type-post","status-publish","format-standard","hentry","category-non-classe"],"_links":{"self":[{"href":"https:\/\/sites.ffkarate.fr\/territoiredebelfort\/wp-json\/wp\/v2\/posts\/388","targetHints":{"allow":["GET"]}}],"collection":[{"href":"https:\/\/sites.ffkarate.fr\/territoiredebelfort\/wp-json\/wp\/v2\/posts"}],"about":[{"href":"https:\/\/sites.ffkarate.fr\/territoiredebelfort\/wp-json\/wp\/v2\/types\/post"}],"author":[{"embeddable":true,"href":"https:\/\/sites.ffkarate.fr\/territoiredebelfort\/wp-json\/wp\/v2\/users\/148"}],"replies":[{"embeddable":true,"href":"https:\/\/sites.ffkarate.fr\/territoiredebelfort\/wp-json\/wp\/v2\/comments?post=388"}],"version-history":[{"count":0,"href":"https:\/\/sites.ffkarate.fr\/territoiredebelfort\/wp-json\/wp\/v2\/posts\/388\/revisions"}],"wp:attachment":[{"href":"https:\/\/sites.ffkarate.fr\/territoiredebelfort\/wp-json\/wp\/v2\/media?parent=388"}],"wp:term":[{"taxonomy":"category","embeddable":true,"href":"https:\/\/sites.ffkarate.fr\/territoiredebelfort\/wp-json\/wp\/v2\/categories?post=388"},{"taxonomy":"post_tag","embeddable":true,"href":"https:\/\/sites.ffkarate.fr\/territoiredebelfort\/wp-json\/wp\/v2\/tags?post=388"}],"curies":[{"name":"wp","href":"https:\/\/api.w.org\/{rel}","templated":true}]}}