{"id":12552,"date":"2026-04-17T09:00:13","date_gmt":"2026-04-17T07:00:13","guid":{"rendered":"https:\/\/sites.ffkarate.fr\/valdoise\/?p=12552"},"modified":"2026-04-26T22:14:58","modified_gmt":"2026-04-26T20:14:58","slug":"karate-mix-les-resultats","status":"publish","type":"post","link":"https:\/\/sites.ffkarate.fr\/valdoise\/2026\/04\/17\/karate-mix-les-resultats\/","title":{"rendered":"KARAT\u00c9 MIX : Les r\u00e9sultats"},"content":{"rendered":"<div class=\"wpb-content-wrapper\"><p>[vc_row][vc_column][vc_column_text]<strong>En pleine lanc\u00e9e&#8230;\u00a0 <\/strong><\/p>\n<p><strong>Deux titres et 10 m\u00e9dailles nationales<\/strong> pour les clubs valdoisiens en karat\u00e9 mix ! Un grand bravo aux clubs, professeurs et athl\u00e8tes qui ont brill\u00e9 sur cette comp\u00e9tition nationale qui s&rsquo;est d\u00e9roul\u00e9e \u00e0 l&rsquo;Athletica d&rsquo;Eaubonne.[\/vc_column_text][\/vc_column][\/vc_row][vc_row][vc_column][vc_empty_space height=\u00a0\u00bb10px\u00a0\u00bb][\/vc_column][\/vc_row][vc_row][vc_column][vc_column_text]<\/p>\n<h4>Open de France Karate Mix Light<br \/>\nSamedi 4 avril 2026<\/h4>\n<p>\ud83e\udd47 (cadet -60kg) Anis BENSAADI &#8211; TKC SAINT BRICE<br \/>\n\ud83e\udd48 (junior -52kg) Ir\u00e8ne KUBIAK &#8211; ASMC THIEU LAM NOI QUYEN CLUB<br \/>\n\ud83e\udd48 (junior -65kg) Cidem TOYTOGLU &#8211; WIND TEAM PANKIDO<br \/>\n\ud83e\udd48 (junior +80kg) Myr-Riann BAGUIDY &#8211; TKC SAINT BRICE<br \/>\n\ud83e\udd49 (minime -60kg) Yusuf BIYIT &#8211; WIND TEAM PANKIDO<br \/>\n\ud83e\udd49 (junior -60kg) Rim NASSIRI &#8211; WIND TEAM PANKIDO<\/p>\n<p>&nbsp;<\/p>\n<h4>Open de France Karat\u00e9 Mix et Mix \u00e9lites<br \/>\nDimanche 5 avril 2026<\/h4>\n<p>\ud83e\udd47 (s\u00e9nior karat\u00e9 mix -71kg) Nathan CHARLES &#8211; CHIA SE FIGHT &#8211; PARTAGE DU COMBAT<br \/>\n\ud83e\udd48 (s\u00e9nior karat\u00e9 mix -85kg) Kamal NAIT OUNESNAR &#8211; WIND TEAM PANKIDO<br \/>\n\ud83e\udd49 (s\u00e9nior karat\u00e9 mix -61kg) Lucas BARDE MAURY &#8211; CHIA SE FIGHT &#8211; PARTAGE DU COMBAT<br \/>\n\ud83e\udd49 (s\u00e9nior karat\u00e9 mix -78kg) Sikou SOUKOUNA &#8211; WIND TEAM PANKIDO<br \/>\n\ud83e\udd49 (s\u00e9nior karat\u00e9 mix -85kg) Kays MEFTAH &#8211; WIND TEAM PANKIDO<br \/>\n\ud83e\udd49 (s\u00e9nior karat\u00e9 mix +92kg) Anass MEJMOU &#8211; SHADOW ACADEMY[\/vc_column_text][\/vc_column][\/vc_row]<\/p>\n<\/div>","protected":false},"excerpt":{"rendered":"<p>[vc_row][vc_column][vc_column_text]En pleine lanc\u00e9e&#8230;\u00a0 Deux titres et 10 m\u00e9dailles nationales pour les clubs valdoisiens en karat\u00e9 mix ! Un grand bravo aux clubs, professeurs et athl\u00e8tes qui ont brill\u00e9 sur cette comp\u00e9tition nationale qui s&rsquo;est d\u00e9roul\u00e9e \u00e0 l&rsquo;Athletica d&rsquo;Eaubonne.[\/vc_column_text][\/vc_column][\/vc_row][vc_row][vc_column][vc_empty_space height=\u00a0\u00bb10px\u00a0\u00bb][\/vc_column][\/vc_row][vc_row][vc_column][vc_column_text] Open de France Karate Mix Light Samedi 4 avril 2026 \ud83e\udd47 (cadet -60kg) Anis BENSAADI &#8211; [&hellip;]<\/p>\n","protected":false},"author":150,"featured_media":12553,"comment_status":"open","ping_status":"open","sticky":false,"template":"","format":"standard","meta":{"footnotes":""},"categories":[235],"tags":[],"class_list":["post-12552","post","type-post","status-publish","format-standard","hentry","category-competition-nationale"],"_links":{"self":[{"href":"https:\/\/sites.ffkarate.fr\/valdoise\/wp-json\/wp\/v2\/posts\/12552","targetHints":{"allow":["GET"]}}],"collection":[{"href":"https:\/\/sites.ffkarate.fr\/valdoise\/wp-json\/wp\/v2\/posts"}],"about":[{"href":"https:\/\/sites.ffkarate.fr\/valdoise\/wp-json\/wp\/v2\/types\/post"}],"author":[{"embeddable":true,"href":"https:\/\/sites.ffkarate.fr\/valdoise\/wp-json\/wp\/v2\/users\/150"}],"replies":[{"embeddable":true,"href":"https:\/\/sites.ffkarate.fr\/valdoise\/wp-json\/wp\/v2\/comments?post=12552"}],"version-history":[{"count":4,"href":"https:\/\/sites.ffkarate.fr\/valdoise\/wp-json\/wp\/v2\/posts\/12552\/revisions"}],"predecessor-version":[{"id":12557,"href":"https:\/\/sites.ffkarate.fr\/valdoise\/wp-json\/wp\/v2\/posts\/12552\/revisions\/12557"}],"wp:featuredmedia":[{"embeddable":true,"href":"https:\/\/sites.ffkarate.fr\/valdoise\/wp-json\/wp\/v2\/media\/12553"}],"wp:attachment":[{"href":"https:\/\/sites.ffkarate.fr\/valdoise\/wp-json\/wp\/v2\/media?parent=12552"}],"wp:term":[{"taxonomy":"category","embeddable":true,"href":"https:\/\/sites.ffkarate.fr\/valdoise\/wp-json\/wp\/v2\/categories?post=12552"},{"taxonomy":"post_tag","embeddable":true,"href":"https:\/\/sites.ffkarate.fr\/valdoise\/wp-json\/wp\/v2\/tags?post=12552"}],"curies":[{"name":"wp","href":"https:\/\/api.w.org\/{rel}","templated":true}]}}