{"id":12558,"date":"2026-04-27T09:00:40","date_gmt":"2026-04-27T07:00:40","guid":{"rendered":"https:\/\/sites.ffkarate.fr\/valdoise\/?p=12558"},"modified":"2026-04-26T22:57:48","modified_gmt":"2026-04-26T20:57:48","slug":"serie-a-coruna-les-resultats","status":"publish","type":"post","link":"https:\/\/sites.ffkarate.fr\/valdoise\/2026\/04\/27\/serie-a-coruna-les-resultats\/","title":{"rendered":"S\u00c9RIE A CORUNA : Les r\u00e9sultats"},"content":{"rendered":"<div class=\"wpb-content-wrapper\"><p>[vc_row][vc_column][vc_column_text]Les athl\u00e8tes valdoisiens avaient rendez-vous ce week-end avec <strong>la S\u00e9rie A de la Corogne<\/strong> !<\/p>\n<p><strong>Lucas Hoffmann<\/strong> et <strong>Mahel Stassiaux,<\/strong> soci\u00e9taires de l&rsquo;AAS Sarcelles, sont <strong>m\u00e9daill\u00e9s d&rsquo;argent en kata par \u00e9quipe<\/strong> apr\u00e8s avoir survol\u00e9 la comp\u00e9tition dans les tours \u00e9liminatoires. Une belle comp\u00e9tition de pr\u00e9paration pour eux, engag\u00e9s avec l&rsquo;\u00e9quipe de France avant les championnats d&rsquo;Europe.\u00a0<strong>Dany Makamata<\/strong> (AAS Sarcelles) finit au pied du podium chez les -84kg, <strong>Ilian Yazid<\/strong> (Karat\u00e9 \u00c9lite Argenteuil) finit 7\u00e8me dans la cat\u00e9gorie reine des -75kg.[\/vc_column_text][\/vc_column][\/vc_row]<\/p>\n<\/div>","protected":false},"excerpt":{"rendered":"<p>[vc_row][vc_column][vc_column_text]Les athl\u00e8tes valdoisiens avaient rendez-vous ce week-end avec la S\u00e9rie A de la Corogne ! Lucas Hoffmann et Mahel Stassiaux, soci\u00e9taires de l&rsquo;AAS Sarcelles, sont m\u00e9daill\u00e9s d&rsquo;argent en kata par \u00e9quipe apr\u00e8s avoir survol\u00e9 la comp\u00e9tition dans les tours \u00e9liminatoires. Une belle comp\u00e9tition de pr\u00e9paration pour eux, engag\u00e9s avec l&rsquo;\u00e9quipe de France avant les championnats [&hellip;]<\/p>\n","protected":false},"author":150,"featured_media":12559,"comment_status":"open","ping_status":"open","sticky":false,"template":"","format":"standard","meta":{"footnotes":""},"categories":[234],"tags":[],"class_list":["post-12558","post","type-post","status-publish","format-standard","hentry","category-international"],"_links":{"self":[{"href":"https:\/\/sites.ffkarate.fr\/valdoise\/wp-json\/wp\/v2\/posts\/12558","targetHints":{"allow":["GET"]}}],"collection":[{"href":"https:\/\/sites.ffkarate.fr\/valdoise\/wp-json\/wp\/v2\/posts"}],"about":[{"href":"https:\/\/sites.ffkarate.fr\/valdoise\/wp-json\/wp\/v2\/types\/post"}],"author":[{"embeddable":true,"href":"https:\/\/sites.ffkarate.fr\/valdoise\/wp-json\/wp\/v2\/users\/150"}],"replies":[{"embeddable":true,"href":"https:\/\/sites.ffkarate.fr\/valdoise\/wp-json\/wp\/v2\/comments?post=12558"}],"version-history":[{"count":2,"href":"https:\/\/sites.ffkarate.fr\/valdoise\/wp-json\/wp\/v2\/posts\/12558\/revisions"}],"predecessor-version":[{"id":12561,"href":"https:\/\/sites.ffkarate.fr\/valdoise\/wp-json\/wp\/v2\/posts\/12558\/revisions\/12561"}],"wp:featuredmedia":[{"embeddable":true,"href":"https:\/\/sites.ffkarate.fr\/valdoise\/wp-json\/wp\/v2\/media\/12559"}],"wp:attachment":[{"href":"https:\/\/sites.ffkarate.fr\/valdoise\/wp-json\/wp\/v2\/media?parent=12558"}],"wp:term":[{"taxonomy":"category","embeddable":true,"href":"https:\/\/sites.ffkarate.fr\/valdoise\/wp-json\/wp\/v2\/categories?post=12558"},{"taxonomy":"post_tag","embeddable":true,"href":"https:\/\/sites.ffkarate.fr\/valdoise\/wp-json\/wp\/v2\/tags?post=12558"}],"curies":[{"name":"wp","href":"https:\/\/api.w.org\/{rel}","templated":true}]}}