{"id":9896,"date":"2022-05-11T10:25:11","date_gmt":"2022-05-11T08:25:11","guid":{"rendered":"https:\/\/sites.ffkarate.fr\/valdoise\/?p=9896"},"modified":"2022-05-11T10:26:21","modified_gmt":"2022-05-11T08:26:21","slug":"felicitations","status":"publish","type":"post","link":"https:\/\/sites.ffkarate.fr\/valdoise\/2022\/05\/11\/felicitations\/","title":{"rendered":"FELICITATIONS !"},"content":{"rendered":"<div class=\"wpb-content-wrapper\"><p>[vc_row][vc_column][vc_column_text]Nous sommes heureux de vous annoncer que parmi le corps arbitral du CDK 95, 4 de nos arbitres viennent d&rsquo;obtenir de nouveaux titres :<\/p>\n<p>&nbsp;<\/p>\n<ul>\n<li>\n<h5><b>Abdelhakim IDIRI : <\/b><span style=\"color: #0000ff\">Juge Mondial Kata B<\/span><\/h5>\n<\/li>\n<li>\n<h5>\u00a0<b>Zohra HADJI<\/b>\u00a0 \u00a0 \u00a0 \u00a0 \u00a0 \u00a0: <span style=\"color: #0000ff\">Juge Mondial Kata B<\/span><\/h5>\n<\/li>\n<li>\n<h5><b>Samir AIT ARAB<\/b>\u00a0 \u00a0 \u00a0: <span style=\"color: #0000ff\">Juge de Ligue Kata A<\/span><\/h5>\n<\/li>\n<li>\n<h5><b>Mohamed BELHOUCHA<\/b>T :\u00a0 <span style=\"color: #0000ff\">Arbitre National Kumite B<\/span><\/h5>\n<\/li>\n<\/ul>\n<p>Quatre personnes de tr\u00e8s grande qualit\u00e9 qui feront grandir notre exp\u00e9rience et pourront nous apporter toute leur expertise.<\/p>\n<p>&nbsp;<\/p>\n<h3><span style=\"color: #0000ff\">Bravo et toutes nos f\u00e9licitations!<\/span><\/h3>\n\n\t\t<style type=\"text\/css\">\n\t\t\t#gallery-1 {\n\t\t\t\tmargin: auto;\n\t\t\t}\n\t\t\t#gallery-1 .gallery-item {\n\t\t\t\tfloat: left;\n\t\t\t\tmargin-top: 10px;\n\t\t\t\ttext-align: center;\n\t\t\t\twidth: 100%;\n\t\t\t}\n\t\t\t#gallery-1 img {\n\t\t\t\tborder: 2px solid #cfcfcf;\n\t\t\t}\n\t\t\t#gallery-1 .gallery-caption {\n\t\t\t\tmargin-left: 0;\n\t\t\t}\n\t\t\t\/* see gallery_shortcode() in wp-includes\/media.php *\/\n\t\t<\/style>\n\t\t<div id='gallery-1' class='gallery galleryid-9896 gallery-columns-1 gallery-size-large'><dl class='gallery-item'>\n\t\t\t<dt class='gallery-icon landscape'>\n\t\t\t\t<a href='https:\/\/sites.ffkarate.fr\/valdoise\/event\/championnat-departemental-95-kumite-de-minimes-a-veterans-3\/dsc_5052\/'><img decoding=\"async\" width=\"1024\" height=\"683\" src=\"https:\/\/sites.ffkarate.fr\/valdoise\/wp-content\/uploads\/sites\/98\/2021\/08\/DSC_5052-1024x683.jpg\" class=\"attachment-large size-large\" alt=\"\" srcset=\"https:\/\/sites.ffkarate.fr\/valdoise\/wp-content\/uploads\/sites\/98\/2021\/08\/DSC_5052-1024x683.jpg 1024w, https:\/\/sites.ffkarate.fr\/valdoise\/wp-content\/uploads\/sites\/98\/2021\/08\/DSC_5052-300x200.jpg 300w, https:\/\/sites.ffkarate.fr\/valdoise\/wp-content\/uploads\/sites\/98\/2021\/08\/DSC_5052-768x512.jpg 768w, https:\/\/sites.ffkarate.fr\/valdoise\/wp-content\/uploads\/sites\/98\/2021\/08\/DSC_5052-1536x1025.jpg 1536w, https:\/\/sites.ffkarate.fr\/valdoise\/wp-content\/uploads\/sites\/98\/2021\/08\/DSC_5052-2048x1367.jpg 2048w\" sizes=\"(max-width: 1024px) 100vw, 1024px\" \/><\/a>\n\t\t\t<\/dt><\/dl><br style=\"clear: both\" \/>\n\t\t<\/div>\n\n<p>[\/vc_column_text][\/vc_column][\/vc_row][vc_row][vc_column][\/vc_column][\/vc_row]<\/p>\n<\/div>","protected":false},"excerpt":{"rendered":"<p>[vc_row][vc_column][vc_column_text]Nous sommes heureux de vous annoncer que parmi le corps arbitral du CDK 95, 4 de nos arbitres viennent d&rsquo;obtenir de nouveaux titres : &nbsp; Abdelhakim IDIRI : Juge Mondial Kata B \u00a0Zohra HADJI\u00a0 \u00a0 \u00a0 \u00a0 \u00a0 \u00a0: Juge Mondial Kata B Samir AIT ARAB\u00a0 \u00a0 \u00a0: Juge de Ligue Kata A Mohamed BELHOUCHAT [&hellip;]<\/p>\n","protected":false},"author":150,"featured_media":9901,"comment_status":"closed","ping_status":"closed","sticky":false,"template":"","format":"standard","meta":{"footnotes":""},"categories":[5,8],"tags":[],"class_list":["post-9896","post","type-post","status-publish","format-standard","hentry","category-actualites","category-arbitrage"],"_links":{"self":[{"href":"https:\/\/sites.ffkarate.fr\/valdoise\/wp-json\/wp\/v2\/posts\/9896","targetHints":{"allow":["GET"]}}],"collection":[{"href":"https:\/\/sites.ffkarate.fr\/valdoise\/wp-json\/wp\/v2\/posts"}],"about":[{"href":"https:\/\/sites.ffkarate.fr\/valdoise\/wp-json\/wp\/v2\/types\/post"}],"author":[{"embeddable":true,"href":"https:\/\/sites.ffkarate.fr\/valdoise\/wp-json\/wp\/v2\/users\/150"}],"replies":[{"embeddable":true,"href":"https:\/\/sites.ffkarate.fr\/valdoise\/wp-json\/wp\/v2\/comments?post=9896"}],"version-history":[{"count":8,"href":"https:\/\/sites.ffkarate.fr\/valdoise\/wp-json\/wp\/v2\/posts\/9896\/revisions"}],"predecessor-version":[{"id":9906,"href":"https:\/\/sites.ffkarate.fr\/valdoise\/wp-json\/wp\/v2\/posts\/9896\/revisions\/9906"}],"wp:featuredmedia":[{"embeddable":true,"href":"https:\/\/sites.ffkarate.fr\/valdoise\/wp-json\/wp\/v2\/media\/9901"}],"wp:attachment":[{"href":"https:\/\/sites.ffkarate.fr\/valdoise\/wp-json\/wp\/v2\/media?parent=9896"}],"wp:term":[{"taxonomy":"category","embeddable":true,"href":"https:\/\/sites.ffkarate.fr\/valdoise\/wp-json\/wp\/v2\/categories?post=9896"},{"taxonomy":"post_tag","embeddable":true,"href":"https:\/\/sites.ffkarate.fr\/valdoise\/wp-json\/wp\/v2\/tags?post=9896"}],"curies":[{"name":"wp","href":"https:\/\/api.w.org\/{rel}","templated":true}]}}