{"id":1768,"date":"2016-11-16T22:59:12","date_gmt":"2016-11-16T21:59:12","guid":{"rendered":"https:\/\/sites.ffkarate.fr\/yvelines78\/?post_type=news&amp;p=1768"},"modified":"2016-11-16T22:59:12","modified_gmt":"2016-11-16T21:59:12","slug":"stage-body-karate","status":"publish","type":"post","link":"https:\/\/sites.ffkarate.fr\/yvelines78\/2016\/11\/16\/stage-body-karate\/","title":{"rendered":"Stage Body Karat\u00e9"},"content":{"rendered":"<div class=\"wpb-content-wrapper\"><p>[vc_row][vc_column][vc_column_text]Le 24 septembre dernier, s&rsquo;est d\u00e9roul\u00e9 \u00e0 Plaisir dans les Yvelines Le premier stage de l&rsquo;ann\u00e9e de Body Karat\u00e9 de la Ligue avec Laurence Belrhiti repr\u00e9sentante et formatrice nationale Body Karat\u00e9, 6 fois vainqueur de la Coupe de France !<\/p>\n<p><a href=\"https:\/\/sites.ffkarate.fr\/yvelines78\/wp-content\/uploads\/sites\/9\/2016\/11\/160924_Body_Karate.jpg\"><img decoding=\"async\" class=\"alignleft  wp-image-1763\" src=\"https:\/\/sites.ffkarate.fr\/yvelines78\/wp-content\/uploads\/sites\/9\/2016\/11\/160924_Body_Karate.jpg\" alt=\"160924_body_karate\" width=\"774\" height=\"371\" \/><\/a>[\/vc_column_text][\/vc_column][\/vc_row]<\/p>\n<\/div>","protected":false},"excerpt":{"rendered":"<p>[vc_row][vc_column][vc_column_text]Le 24 septembre dernier, s&rsquo;est d\u00e9roul\u00e9 \u00e0 Plaisir dans les Yvelines Le premier stage de l&rsquo;ann\u00e9e de Body Karat\u00e9 de la Ligue avec Laurence Belrhiti repr\u00e9sentante et formatrice nationale Body Karat\u00e9, 6 fois vainqueur de la Coupe de France ! [\/vc_column_text][\/vc_column][\/vc_row]<\/p>\n","protected":false},"author":20,"featured_media":0,"comment_status":"closed","ping_status":"closed","sticky":false,"template":"","format":"standard","meta":{"footnotes":""},"categories":[1],"tags":[],"class_list":["post-1768","post","type-post","status-publish","format-standard","hentry","category-non-classe"],"_links":{"self":[{"href":"https:\/\/sites.ffkarate.fr\/yvelines78\/wp-json\/wp\/v2\/posts\/1768","targetHints":{"allow":["GET"]}}],"collection":[{"href":"https:\/\/sites.ffkarate.fr\/yvelines78\/wp-json\/wp\/v2\/posts"}],"about":[{"href":"https:\/\/sites.ffkarate.fr\/yvelines78\/wp-json\/wp\/v2\/types\/post"}],"author":[{"embeddable":true,"href":"https:\/\/sites.ffkarate.fr\/yvelines78\/wp-json\/wp\/v2\/users\/20"}],"replies":[{"embeddable":true,"href":"https:\/\/sites.ffkarate.fr\/yvelines78\/wp-json\/wp\/v2\/comments?post=1768"}],"version-history":[{"count":0,"href":"https:\/\/sites.ffkarate.fr\/yvelines78\/wp-json\/wp\/v2\/posts\/1768\/revisions"}],"wp:attachment":[{"href":"https:\/\/sites.ffkarate.fr\/yvelines78\/wp-json\/wp\/v2\/media?parent=1768"}],"wp:term":[{"taxonomy":"category","embeddable":true,"href":"https:\/\/sites.ffkarate.fr\/yvelines78\/wp-json\/wp\/v2\/categories?post=1768"},{"taxonomy":"post_tag","embeddable":true,"href":"https:\/\/sites.ffkarate.fr\/yvelines78\/wp-json\/wp\/v2\/tags?post=1768"}],"curies":[{"name":"wp","href":"https:\/\/api.w.org\/{rel}","templated":true}]}}