{"id":1777,"date":"2016-11-17T00:15:47","date_gmt":"2016-11-16T23:15:47","guid":{"rendered":"https:\/\/sites.ffkarate.fr\/yvelines78\/?post_type=news&amp;p=1777"},"modified":"2016-11-17T00:15:47","modified_gmt":"2016-11-16T23:15:47","slug":"coupe-deurope-wado-ryu","status":"publish","type":"post","link":"https:\/\/sites.ffkarate.fr\/yvelines78\/2016\/11\/17\/coupe-deurope-wado-ryu\/","title":{"rendered":"Coupe d&rsquo;Europe Wado Ryu"},"content":{"rendered":"<div class=\"wpb-content-wrapper\"><p>[vc_row][vc_column][vc_column_text]Le Club Okinawa de Mantes-la-Jolie\u00a0s&rsquo;impose et monte plusieurs fois sur le podium lors de la Coupe d&rsquo;Europe Wado Ryu qui s&rsquo;est d\u00e9roul\u00e9 en Suisse.<\/p>\n<p>F\u00e9licitation \u00e0\u00a0Dhabi\u00a0HAYAT qui s&#8217;empare de la 3e place en individuel Kumit\u00e9<br \/>\nSally DIOP, lui s&#8217;empare de la premi\u00e8re place de la cat\u00e9gorie Kumit\u00e9 &#8211; 84 kg<br \/>\nUne belle deuxi\u00e8me place pour L\u00e9lo junior MOUSSA<br \/>\nUne excellente 1re place pour l&rsquo;\u00e9quipe masculine Kumit\u00e9 avec Sally et\u00a0L\u00e9lo, l&rsquo;\u00e9quipe f\u00e9minine quant \u00e0 elle, s&#8217;empare de la 3e place avec Soraya et Dhabi !<\/p>\n<p>F\u00e9licitation \u00e0 tous les comp\u00e9titeurs du Club Okinawa et de son professeur Papa Kedia Diop entra\u00eeneur Kumit\u00e9\u00a0de la Ligue !<a href=\"https:\/\/sites.ffkarate.fr\/yvelines78\/wp-content\/uploads\/sites\/9\/2016\/11\/Resized_20161112_213122.jpeg\"><img decoding=\"async\" class=\"alignleft  wp-image-1774\" src=\"https:\/\/sites.ffkarate.fr\/yvelines78\/wp-content\/uploads\/sites\/9\/2016\/11\/Resized_20161112_213122.jpeg\" alt=\"resized_20161112_213122\" width=\"800\" height=\"515\" \/><\/a><a href=\"https:\/\/sites.ffkarate.fr\/yvelines78\/wp-content\/uploads\/sites\/9\/2016\/11\/Resized_20161112_211413.jpeg\"><img decoding=\"async\" class=\"alignleft  wp-image-1773\" src=\"https:\/\/sites.ffkarate.fr\/yvelines78\/wp-content\/uploads\/sites\/9\/2016\/11\/Resized_20161112_211413.jpeg\" alt=\"resized_20161112_211413\" width=\"798\" height=\"449\" \/><\/a><a href=\"https:\/\/sites.ffkarate.fr\/yvelines78\/wp-content\/uploads\/sites\/9\/2016\/11\/Resized_20161112_204027.jpeg\"><img decoding=\"async\" class=\"alignleft  wp-image-1771\" src=\"https:\/\/sites.ffkarate.fr\/yvelines78\/wp-content\/uploads\/sites\/9\/2016\/11\/Resized_20161112_204027.jpeg\" alt=\"resized_20161112_204027\" width=\"800\" height=\"450\" \/><\/a><a href=\"https:\/\/sites.ffkarate.fr\/yvelines78\/wp-content\/uploads\/sites\/9\/2016\/11\/Resized_20161112_204243.jpeg\"><img decoding=\"async\" class=\"alignleft size-full wp-image-1772\" src=\"https:\/\/sites.ffkarate.fr\/yvelines78\/wp-content\/uploads\/sites\/9\/2016\/11\/Resized_20161112_204243.jpeg\" alt=\"resized_20161112_204243\" width=\"1280\" height=\"720\" \/><\/a><\/p>\n<p>&nbsp;<\/p>\n<p>&nbsp;[\/vc_column_text][\/vc_column][\/vc_row]<\/p>\n<\/div>","protected":false},"excerpt":{"rendered":"<p>[vc_row][vc_column][vc_column_text]Le Club Okinawa de Mantes-la-Jolie\u00a0s&rsquo;impose et monte plusieurs fois sur le podium lors de la Coupe d&rsquo;Europe Wado Ryu qui s&rsquo;est d\u00e9roul\u00e9 en Suisse. F\u00e9licitation \u00e0\u00a0Dhabi\u00a0HAYAT qui s&#8217;empare de la 3e place en individuel Kumit\u00e9 Sally DIOP, lui s&#8217;empare de la premi\u00e8re place de la cat\u00e9gorie Kumit\u00e9 &#8211; 84 kg Une belle deuxi\u00e8me place pour [&hellip;]<\/p>\n","protected":false},"author":20,"featured_media":0,"comment_status":"closed","ping_status":"closed","sticky":false,"template":"","format":"standard","meta":{"footnotes":""},"categories":[1],"tags":[],"class_list":["post-1777","post","type-post","status-publish","format-standard","hentry","category-non-classe"],"_links":{"self":[{"href":"https:\/\/sites.ffkarate.fr\/yvelines78\/wp-json\/wp\/v2\/posts\/1777","targetHints":{"allow":["GET"]}}],"collection":[{"href":"https:\/\/sites.ffkarate.fr\/yvelines78\/wp-json\/wp\/v2\/posts"}],"about":[{"href":"https:\/\/sites.ffkarate.fr\/yvelines78\/wp-json\/wp\/v2\/types\/post"}],"author":[{"embeddable":true,"href":"https:\/\/sites.ffkarate.fr\/yvelines78\/wp-json\/wp\/v2\/users\/20"}],"replies":[{"embeddable":true,"href":"https:\/\/sites.ffkarate.fr\/yvelines78\/wp-json\/wp\/v2\/comments?post=1777"}],"version-history":[{"count":0,"href":"https:\/\/sites.ffkarate.fr\/yvelines78\/wp-json\/wp\/v2\/posts\/1777\/revisions"}],"wp:attachment":[{"href":"https:\/\/sites.ffkarate.fr\/yvelines78\/wp-json\/wp\/v2\/media?parent=1777"}],"wp:term":[{"taxonomy":"category","embeddable":true,"href":"https:\/\/sites.ffkarate.fr\/yvelines78\/wp-json\/wp\/v2\/categories?post=1777"},{"taxonomy":"post_tag","embeddable":true,"href":"https:\/\/sites.ffkarate.fr\/yvelines78\/wp-json\/wp\/v2\/tags?post=1777"}],"curies":[{"name":"wp","href":"https:\/\/api.w.org\/{rel}","templated":true}]}}