{"id":1800,"date":"2016-11-20T03:14:26","date_gmt":"2016-11-20T02:14:26","guid":{"rendered":"https:\/\/sites.ffkarate.fr\/yvelines78\/?post_type=news&amp;p=1800"},"modified":"2016-11-20T03:14:26","modified_gmt":"2016-11-20T02:14:26","slug":"challenge-inter-styles-amvt-vovinam-2016-14-ans","status":"publish","type":"post","link":"https:\/\/sites.ffkarate.fr\/yvelines78\/2016\/11\/20\/challenge-inter-styles-amvt-vovinam-2016-14-ans\/","title":{"rendered":"Challenge Inter-Styles AMVT \/ VOVINAM 2016 -14 ans"},"content":{"rendered":"<div class=\"wpb-content-wrapper\"><p>[vc_row][vc_column][vc_column_text]Le 6 novembre dernier s&rsquo;est d\u00e9roul\u00e9 \u00e0 Paris au Gymnase L\u00e9o Lagrange le Challenge Inter-Styles AMVT \/ VOVINAM -14 ans.<\/p>\n<p>F\u00e9licitations \u00e0 :<br \/>\n<strong>Lucas Berile : <\/strong>1er en Pupille -25Kg<br \/>\n<strong>Ondine Barreyre <\/strong>: 3\u00e8me en Benjamin &#8211; 40K<strong><br \/>\n<\/strong><strong>Wacel Zinbi <\/strong>: 3\u00e8me en Minime -40Kg<strong><br \/>\n<\/strong><strong>Youssef Kammoun <\/strong>: 3\u00e8me en Minime -45Kg<strong><br \/>\n<\/strong>et \u00e0 leur club ; le\u00a0<strong>Lam Son Pisciacais<\/strong>\u00a0 !<!--more--><\/p>\n<p><a href=\"https:\/\/sites.ffkarate.fr\/yvelines78\/wp-content\/uploads\/sites\/9\/2016\/11\/Interstyles123185.jpg\"><img decoding=\"async\" class=\"alignleft  wp-image-1799\" src=\"https:\/\/sites.ffkarate.fr\/yvelines78\/wp-content\/uploads\/sites\/9\/2016\/11\/Interstyles123185.jpg\" alt=\"interstyles123185\" width=\"490\" height=\"941\" \/><\/a><\/p>\n<p>&nbsp;[\/vc_column_text][\/vc_column][\/vc_row]<\/p>\n<\/div>","protected":false},"excerpt":{"rendered":"<p>[vc_row][vc_column][vc_column_text]Le 6 novembre dernier s&rsquo;est d\u00e9roul\u00e9 \u00e0 Paris au Gymnase L\u00e9o Lagrange le Challenge Inter-Styles AMVT \/ VOVINAM -14 ans. F\u00e9licitations \u00e0 : Lucas Berile : 1er en Pupille -25Kg Ondine Barreyre : 3\u00e8me en Benjamin &#8211; 40K Wacel Zinbi : 3\u00e8me en Minime -40Kg Youssef Kammoun : 3\u00e8me en Minime -45Kg et \u00e0 leur [&hellip;]<\/p>\n","protected":false},"author":20,"featured_media":0,"comment_status":"closed","ping_status":"closed","sticky":false,"template":"","format":"standard","meta":{"footnotes":""},"categories":[1],"tags":[],"class_list":["post-1800","post","type-post","status-publish","format-standard","hentry","category-non-classe"],"_links":{"self":[{"href":"https:\/\/sites.ffkarate.fr\/yvelines78\/wp-json\/wp\/v2\/posts\/1800","targetHints":{"allow":["GET"]}}],"collection":[{"href":"https:\/\/sites.ffkarate.fr\/yvelines78\/wp-json\/wp\/v2\/posts"}],"about":[{"href":"https:\/\/sites.ffkarate.fr\/yvelines78\/wp-json\/wp\/v2\/types\/post"}],"author":[{"embeddable":true,"href":"https:\/\/sites.ffkarate.fr\/yvelines78\/wp-json\/wp\/v2\/users\/20"}],"replies":[{"embeddable":true,"href":"https:\/\/sites.ffkarate.fr\/yvelines78\/wp-json\/wp\/v2\/comments?post=1800"}],"version-history":[{"count":0,"href":"https:\/\/sites.ffkarate.fr\/yvelines78\/wp-json\/wp\/v2\/posts\/1800\/revisions"}],"wp:attachment":[{"href":"https:\/\/sites.ffkarate.fr\/yvelines78\/wp-json\/wp\/v2\/media?parent=1800"}],"wp:term":[{"taxonomy":"category","embeddable":true,"href":"https:\/\/sites.ffkarate.fr\/yvelines78\/wp-json\/wp\/v2\/categories?post=1800"},{"taxonomy":"post_tag","embeddable":true,"href":"https:\/\/sites.ffkarate.fr\/yvelines78\/wp-json\/wp\/v2\/tags?post=1800"}],"curies":[{"name":"wp","href":"https:\/\/api.w.org\/{rel}","templated":true}]}}