{"id":1822,"date":"2016-12-07T23:42:07","date_gmt":"2016-12-07T22:42:07","guid":{"rendered":"https:\/\/sites.ffkarate.fr\/yvelines78\/?post_type=news&amp;p=1822"},"modified":"2016-12-07T23:42:07","modified_gmt":"2016-12-07T22:42:07","slug":"coupe-de-france-kata","status":"publish","type":"post","link":"https:\/\/sites.ffkarate.fr\/yvelines78\/2016\/12\/07\/coupe-de-france-kata\/","title":{"rendered":"Coupe de France Kata"},"content":{"rendered":"<div class=\"wpb-content-wrapper\"><p>[vc_row][vc_column][vc_column_text]<\/p>\n<div>La Coupe de France Kata \u00e9quipe cadet\/junior s&rsquo;est d\u00e9roul\u00e9e le 26 novembre dernier \u00e0 Rouen, l&rsquo;\u00e9quipe du Club de Houdan\u00a0Cl\u00e9ment Lafaire, Thibault Boulay et Belkir Mouss nous on fait une excellente prestation en s&#8217;emparant de la premi\u00e8re place de la cat\u00e9gorie !<\/div>\n<div>F\u00e9licitation \u00e0 l&rsquo;\u00e9quipe !<\/div>\n<div><!--more--><\/div>\n<div><a href=\"https:\/\/sites.ffkarate.fr\/yvelines78\/wp-content\/uploads\/sites\/9\/2016\/12\/Houdan20161126_202849-s.jpg\"><img decoding=\"async\" class=\"alignleft size-full wp-image-1817\" src=\"https:\/\/sites.ffkarate.fr\/yvelines78\/wp-content\/uploads\/sites\/9\/2016\/12\/Houdan20161126_202849-s.jpg\" alt=\"houdan20161126_202849-s\" width=\"1000\" height=\"622\" \/><\/a><\/div>\n<p>[\/vc_column_text][\/vc_column][\/vc_row]<\/p>\n<\/div>","protected":false},"excerpt":{"rendered":"<p>[vc_row][vc_column][vc_column_text] La Coupe de France Kata \u00e9quipe cadet\/junior s&rsquo;est d\u00e9roul\u00e9e le 26 novembre dernier \u00e0 Rouen, l&rsquo;\u00e9quipe du Club de Houdan\u00a0Cl\u00e9ment Lafaire, Thibault Boulay et Belkir Mouss nous on fait une excellente prestation en s&#8217;emparant de la premi\u00e8re place de la cat\u00e9gorie ! F\u00e9licitation \u00e0 l&rsquo;\u00e9quipe !<\/p>\n","protected":false},"author":20,"featured_media":0,"comment_status":"closed","ping_status":"closed","sticky":false,"template":"","format":"standard","meta":{"footnotes":""},"categories":[1],"tags":[],"class_list":["post-1822","post","type-post","status-publish","format-standard","hentry","category-non-classe"],"_links":{"self":[{"href":"https:\/\/sites.ffkarate.fr\/yvelines78\/wp-json\/wp\/v2\/posts\/1822","targetHints":{"allow":["GET"]}}],"collection":[{"href":"https:\/\/sites.ffkarate.fr\/yvelines78\/wp-json\/wp\/v2\/posts"}],"about":[{"href":"https:\/\/sites.ffkarate.fr\/yvelines78\/wp-json\/wp\/v2\/types\/post"}],"author":[{"embeddable":true,"href":"https:\/\/sites.ffkarate.fr\/yvelines78\/wp-json\/wp\/v2\/users\/20"}],"replies":[{"embeddable":true,"href":"https:\/\/sites.ffkarate.fr\/yvelines78\/wp-json\/wp\/v2\/comments?post=1822"}],"version-history":[{"count":0,"href":"https:\/\/sites.ffkarate.fr\/yvelines78\/wp-json\/wp\/v2\/posts\/1822\/revisions"}],"wp:attachment":[{"href":"https:\/\/sites.ffkarate.fr\/yvelines78\/wp-json\/wp\/v2\/media?parent=1822"}],"wp:term":[{"taxonomy":"category","embeddable":true,"href":"https:\/\/sites.ffkarate.fr\/yvelines78\/wp-json\/wp\/v2\/categories?post=1822"},{"taxonomy":"post_tag","embeddable":true,"href":"https:\/\/sites.ffkarate.fr\/yvelines78\/wp-json\/wp\/v2\/tags?post=1822"}],"curies":[{"name":"wp","href":"https:\/\/api.w.org\/{rel}","templated":true}]}}