{"id":2076,"date":"2017-04-28T00:02:42","date_gmt":"2017-04-27T22:02:42","guid":{"rendered":"https:\/\/sites.ffkarate.fr\/yvelines78\/?post_type=news&amp;p=2076"},"modified":"2017-04-28T00:02:42","modified_gmt":"2017-04-27T22:02:42","slug":"championnats-de-france-darts-martiaux-vietnamiens-2017","status":"publish","type":"post","link":"https:\/\/sites.ffkarate.fr\/yvelines78\/2017\/04\/28\/championnats-de-france-darts-martiaux-vietnamiens-2017\/","title":{"rendered":"Championnats de France d&rsquo;Arts Martiaux Vietnamiens 2017"},"content":{"rendered":"<div class=\"wpb-content-wrapper\"><p>[vc_row][vc_column][vc_column_text]Les 1er et 2 mars dernier se sont d\u00e9roul\u00e9 les Championnats de France des Arts Martiaux Vietnamiens 2017 \u00e0 Clermont Ferrand o\u00f9 le club de Poissy le Lam Son Pisciacais s&rsquo;est distingu\u00e9 !<\/p>\n<p><!--more--><\/p>\n<p>F\u00e9licitations \u00e0 Patrick Da Silva et Steve Guillaume qui finissent 3e de leur\u00a0cat\u00e9gorie en Combat !<br \/>\nF\u00e9licitations \u00e0 Julie Da Silva qui s&#8217;empare de la 3e place en BA\u00cf VU KHI (arme), dans la cat\u00e9gorie QUYEN (mains nues) elle s&#8217;empare du titre de Vice Championne de France du titre et pour la 4e fois cons\u00e9cutivement en Combat elle s&#8217;empare du titre de Championne de France !<\/p>\n<p><a href=\"https:\/\/sites.ffkarate.fr\/yvelines78\/wp-content\/uploads\/sites\/9\/2017\/04\/ii_j16ekgrm0_15b4352ee5797463.gif\"><img decoding=\"async\" class=\"alignleft size-full wp-image-2074\" src=\"https:\/\/sites.ffkarate.fr\/yvelines78\/wp-content\/uploads\/sites\/9\/2017\/04\/ii_j16ekgrm0_15b4352ee5797463.gif\" alt=\"ii_j16ekgrm0_15b4352ee5797463\" width=\"420\" height=\"236\" \/><\/a>[\/vc_column_text][\/vc_column][\/vc_row]<\/p>\n<\/div>","protected":false},"excerpt":{"rendered":"<p>[vc_row][vc_column][vc_column_text]Les 1er et 2 mars dernier se sont d\u00e9roul\u00e9 les Championnats de France des Arts Martiaux Vietnamiens 2017 \u00e0 Clermont Ferrand o\u00f9 le club de Poissy le Lam Son Pisciacais s&rsquo;est distingu\u00e9 !<\/p>\n","protected":false},"author":20,"featured_media":0,"comment_status":"closed","ping_status":"closed","sticky":false,"template":"","format":"standard","meta":{"footnotes":""},"categories":[1],"tags":[],"class_list":["post-2076","post","type-post","status-publish","format-standard","hentry","category-non-classe"],"_links":{"self":[{"href":"https:\/\/sites.ffkarate.fr\/yvelines78\/wp-json\/wp\/v2\/posts\/2076","targetHints":{"allow":["GET"]}}],"collection":[{"href":"https:\/\/sites.ffkarate.fr\/yvelines78\/wp-json\/wp\/v2\/posts"}],"about":[{"href":"https:\/\/sites.ffkarate.fr\/yvelines78\/wp-json\/wp\/v2\/types\/post"}],"author":[{"embeddable":true,"href":"https:\/\/sites.ffkarate.fr\/yvelines78\/wp-json\/wp\/v2\/users\/20"}],"replies":[{"embeddable":true,"href":"https:\/\/sites.ffkarate.fr\/yvelines78\/wp-json\/wp\/v2\/comments?post=2076"}],"version-history":[{"count":0,"href":"https:\/\/sites.ffkarate.fr\/yvelines78\/wp-json\/wp\/v2\/posts\/2076\/revisions"}],"wp:attachment":[{"href":"https:\/\/sites.ffkarate.fr\/yvelines78\/wp-json\/wp\/v2\/media?parent=2076"}],"wp:term":[{"taxonomy":"category","embeddable":true,"href":"https:\/\/sites.ffkarate.fr\/yvelines78\/wp-json\/wp\/v2\/categories?post=2076"},{"taxonomy":"post_tag","embeddable":true,"href":"https:\/\/sites.ffkarate.fr\/yvelines78\/wp-json\/wp\/v2\/tags?post=2076"}],"curies":[{"name":"wp","href":"https:\/\/api.w.org\/{rel}","templated":true}]}}