{"id":2082,"date":"2017-05-11T00:49:13","date_gmt":"2017-05-10T22:49:13","guid":{"rendered":"https:\/\/sites.ffkarate.fr\/yvelines78\/?post_type=news&amp;p=2082"},"modified":"2017-05-11T00:49:13","modified_gmt":"2017-05-10T22:49:13","slug":"le-certificat-de-body-karate-session-2017-ouverture-des-inscriptions","status":"publish","type":"post","link":"https:\/\/sites.ffkarate.fr\/yvelines78\/2017\/05\/11\/le-certificat-de-body-karate-session-2017-ouverture-des-inscriptions\/","title":{"rendered":"CERTIFICAT DE BODY KARATE &#8211; MANTES-LA-VILLE"},"content":{"rendered":"<div class=\"wpb-content-wrapper\"><p>[vc_row][vc_column][vc_column_text]OUVERTURE DES INSCRIPTIONS<\/p>\n<p><strong>Vous d\u00e9sirez passer le Certificat de Body Karat\u00e9 ?<\/strong><\/p>\n<p>L&rsquo;\u00c9cole R\u00e9gionale de Formation du CDK 78 vous propose une session 2017 qui se d\u00e9roulera le dimanche 4 juin \u00e0 Mantes-la-Ville !<br \/>\nCette session sera dirig\u00e9e par Jessica, Hugues Championne du Monde et R\u00e9f\u00e9rente Body Karat\u00e9 des Yvelines.<\/p>\n<p>Venez nombreux !<\/p>\n<p><!--more--><\/p>\n<p>Merci d&rsquo;envoyer vos dossiers avant le 30 mai 2017 en suivant la proc\u00e9dure indiqu\u00e9e sur : <a href=\"https:\/\/sites.ffkarate.fr\/yvelines78\/formations\/\">https:\/\/sites.ffkarate.fr\/yvelines78\/formations\/<\/a><\/p>\n<p><span style=\"color: #008080\"><strong><em><a style=\"color: #008080\" href=\"https:\/\/sites.ffkarate.fr\/yvelines78\/wp-content\/uploads\/sites\/9\/2017\/05\/afficheCBK-.pdf\">T\u00e9l\u00e9chargez l&rsquo;affiche<\/a><\/em><\/strong><\/span><\/p>\n<p><span style=\"color: #008080\"><strong><em><a style=\"color: #008080\" href=\"https:\/\/sites.ffkarate.fr\/yvelines78\/wp-content\/uploads\/sites\/9\/2016\/11\/FicheinscriptionCBK2016-2017.pdf\">T\u00e9l\u00e9chargez la fiche d&rsquo;inscription en pdf<\/a><\/em><\/strong><\/span><\/p>\n<p><span style=\"color: #008080\"><strong><a style=\"color: #008080\" href=\"https:\/\/sites.ffkarate.fr\/yvelines78\/wp-content\/uploads\/sites\/9\/2016\/11\/FicheinscriptionCBK2016-2017.doc\"><em>T\u00e9l\u00e9chargez la fiche d&rsquo;inscription en\u00a0word<\/em><\/a><\/strong><\/span>[\/vc_column_text][\/vc_column][\/vc_row]<\/p>\n<\/div>","protected":false},"excerpt":{"rendered":"<p>[vc_row][vc_column][vc_column_text]OUVERTURE DES INSCRIPTIONS Vous d\u00e9sirez passer le Certificat de Body Karat\u00e9 ? L&rsquo;\u00c9cole R\u00e9gionale de Formation du CDK 78 vous propose une session 2017 qui se d\u00e9roulera le dimanche 4 juin \u00e0 Mantes-la-Ville ! Cette session sera dirig\u00e9e par Jessica, Hugues Championne du Monde et R\u00e9f\u00e9rente Body Karat\u00e9 des Yvelines. Venez nombreux !<\/p>\n","protected":false},"author":20,"featured_media":0,"comment_status":"closed","ping_status":"closed","sticky":false,"template":"","format":"standard","meta":{"footnotes":""},"categories":[1],"tags":[],"class_list":["post-2082","post","type-post","status-publish","format-standard","hentry","category-non-classe"],"_links":{"self":[{"href":"https:\/\/sites.ffkarate.fr\/yvelines78\/wp-json\/wp\/v2\/posts\/2082","targetHints":{"allow":["GET"]}}],"collection":[{"href":"https:\/\/sites.ffkarate.fr\/yvelines78\/wp-json\/wp\/v2\/posts"}],"about":[{"href":"https:\/\/sites.ffkarate.fr\/yvelines78\/wp-json\/wp\/v2\/types\/post"}],"author":[{"embeddable":true,"href":"https:\/\/sites.ffkarate.fr\/yvelines78\/wp-json\/wp\/v2\/users\/20"}],"replies":[{"embeddable":true,"href":"https:\/\/sites.ffkarate.fr\/yvelines78\/wp-json\/wp\/v2\/comments?post=2082"}],"version-history":[{"count":0,"href":"https:\/\/sites.ffkarate.fr\/yvelines78\/wp-json\/wp\/v2\/posts\/2082\/revisions"}],"wp:attachment":[{"href":"https:\/\/sites.ffkarate.fr\/yvelines78\/wp-json\/wp\/v2\/media?parent=2082"}],"wp:term":[{"taxonomy":"category","embeddable":true,"href":"https:\/\/sites.ffkarate.fr\/yvelines78\/wp-json\/wp\/v2\/categories?post=2082"},{"taxonomy":"post_tag","embeddable":true,"href":"https:\/\/sites.ffkarate.fr\/yvelines78\/wp-json\/wp\/v2\/tags?post=2082"}],"curies":[{"name":"wp","href":"https:\/\/api.w.org\/{rel}","templated":true}]}}