{"id":2109,"date":"2017-06-22T00:07:47","date_gmt":"2017-06-21T22:07:47","guid":{"rendered":"https:\/\/sites.ffkarate.fr\/yvelines78\/?post_type=news&amp;p=2109"},"modified":"2017-06-22T00:07:47","modified_gmt":"2017-06-21T22:07:47","slug":"tournoi-des-departements-d-ile-de-france-kata-combat-benjamin-minime","status":"publish","type":"post","link":"https:\/\/sites.ffkarate.fr\/yvelines78\/2017\/06\/22\/tournoi-des-departements-d-ile-de-france-kata-combat-benjamin-minime\/","title":{"rendered":"TOURNOI DES DEPARTEMENTS D\u2019 ILE DE FRANCE &#8211; KATA \u2013 COMBAT BENJAMIN \/ MINIME"},"content":{"rendered":"<div class=\"wpb-content-wrapper\"><p>[vc_row][vc_column][vc_column_text]<\/p>\n<div>TOURNOI DES DEPARTEMENTS D\u2019 ILE DE FRANCE<\/div>\n<div>KATA \u2013 COMBAT BENJAMIN \/ MINIME<\/div>\n<div>Equipes Masculines \u2013 Equipes F\u00e9minines<\/div>\n<div><\/div>\n<div>\n<div>Samedi 17 Juin 2017<\/div>\n<div>I. N. J. (Institut National du Judo)<\/div>\n<div><\/div>\n<\/div>\n<div><strong>F\u00e9licitations \u00e0 nos \u00e9quipes\u00a0qui s&#8217;emparent de la 2e place pour les\u00a0gar\u00e7ons\u00a0et de la 3e pour les filles !<\/strong><\/div>\n<div><strong>Un grand merci \u00e0 tous ceux qui ont r\u00e9pondu pr\u00e9sents\u00a0<\/strong><strong>\u00e0 ce dernier grand rendez vous de la saison et aux coachs du CDK 78.<\/strong><\/div>\n<div>&#8211;<\/div>\n<div>&#8211;<\/div>\n<div><\/div>\n<div><\/div>\n<div><\/div>\n<div><\/div>\n<div><a href=\"https:\/\/sites.ffkarate.fr\/yvelines78\/wp-content\/uploads\/sites\/9\/2017\/06\/IMG_8009.jpg\"><img decoding=\"async\" class=\"  wp-image-2102 alignnone\" src=\"https:\/\/sites.ffkarate.fr\/yvelines78\/wp-content\/uploads\/sites\/9\/2017\/06\/IMG_8009.jpg\" alt=\"IMG_8009\" width=\"267\" height=\"356\" \/><\/a><\/div>\n<div><\/div>\n<div><\/div>\n<p><!--more--><\/p>\n<div><\/div>\n<div><a href=\"https:\/\/sites.ffkarate.fr\/yvelines78\/wp-content\/uploads\/sites\/9\/2017\/06\/IMG_20170617_091127.jpg\"><img decoding=\"async\" class=\" size-full wp-image-2105 alignnone\" src=\"https:\/\/sites.ffkarate.fr\/yvelines78\/wp-content\/uploads\/sites\/9\/2017\/06\/IMG_20170617_091127.jpg\" alt=\"IMG_20170617_091127\" width=\"555\" height=\"311\" \/><\/a><\/div>\n<div><\/div>\n<div><\/div>\n<div><\/div>\n<div><a href=\"https:\/\/sites.ffkarate.fr\/yvelines78\/wp-content\/uploads\/sites\/9\/2017\/06\/IMG_20170617_161927.jpg\"><img decoding=\"async\" class=\" size-full wp-image-2104 alignnone\" src=\"https:\/\/sites.ffkarate.fr\/yvelines78\/wp-content\/uploads\/sites\/9\/2017\/06\/IMG_20170617_161927.jpg\" alt=\"IMG_20170617_161927\" width=\"555\" height=\"311\" \/><\/a><\/div>\n<div><\/div>\n<div><a href=\"https:\/\/sites.ffkarate.fr\/yvelines78\/wp-content\/uploads\/sites\/9\/2017\/06\/IMG_7998.jpg\"><img decoding=\"async\" class=\"  wp-image-2107 alignnone\" src=\"https:\/\/sites.ffkarate.fr\/yvelines78\/wp-content\/uploads\/sites\/9\/2017\/06\/IMG_7998.jpg\" alt=\"IMG_7998\" width=\"554\" height=\"416\" \/><\/a><\/div>\n<div><\/div>\n<div><a href=\"https:\/\/sites.ffkarate.fr\/yvelines78\/wp-content\/uploads\/sites\/9\/2017\/06\/IMG_7992.jpg\"><img decoding=\"async\" class=\"  wp-image-2103 alignnone\" src=\"https:\/\/sites.ffkarate.fr\/yvelines78\/wp-content\/uploads\/sites\/9\/2017\/06\/IMG_7992.jpg\" alt=\"IMG_7992\" width=\"553\" height=\"737\" \/><\/a><\/div>\n<div><\/div>\n<div><\/div>\n<p>[\/vc_column_text][\/vc_column][\/vc_row]<\/p>\n<\/div>","protected":false},"excerpt":{"rendered":"<p>[vc_row][vc_column][vc_column_text] TOURNOI DES DEPARTEMENTS D\u2019 ILE DE FRANCE KATA \u2013 COMBAT BENJAMIN \/ MINIME Equipes Masculines \u2013 Equipes F\u00e9minines Samedi 17 Juin 2017 I. N. J. (Institut National du Judo) F\u00e9licitations \u00e0 nos \u00e9quipes\u00a0qui s&#8217;emparent de la 2e place pour les\u00a0gar\u00e7ons\u00a0et de la 3e pour les filles ! Un grand merci \u00e0 tous ceux qui [&hellip;]<\/p>\n","protected":false},"author":20,"featured_media":0,"comment_status":"closed","ping_status":"closed","sticky":false,"template":"","format":"standard","meta":{"footnotes":""},"categories":[1],"tags":[],"class_list":["post-2109","post","type-post","status-publish","format-standard","hentry","category-non-classe"],"_links":{"self":[{"href":"https:\/\/sites.ffkarate.fr\/yvelines78\/wp-json\/wp\/v2\/posts\/2109","targetHints":{"allow":["GET"]}}],"collection":[{"href":"https:\/\/sites.ffkarate.fr\/yvelines78\/wp-json\/wp\/v2\/posts"}],"about":[{"href":"https:\/\/sites.ffkarate.fr\/yvelines78\/wp-json\/wp\/v2\/types\/post"}],"author":[{"embeddable":true,"href":"https:\/\/sites.ffkarate.fr\/yvelines78\/wp-json\/wp\/v2\/users\/20"}],"replies":[{"embeddable":true,"href":"https:\/\/sites.ffkarate.fr\/yvelines78\/wp-json\/wp\/v2\/comments?post=2109"}],"version-history":[{"count":0,"href":"https:\/\/sites.ffkarate.fr\/yvelines78\/wp-json\/wp\/v2\/posts\/2109\/revisions"}],"wp:attachment":[{"href":"https:\/\/sites.ffkarate.fr\/yvelines78\/wp-json\/wp\/v2\/media?parent=2109"}],"wp:term":[{"taxonomy":"category","embeddable":true,"href":"https:\/\/sites.ffkarate.fr\/yvelines78\/wp-json\/wp\/v2\/categories?post=2109"},{"taxonomy":"post_tag","embeddable":true,"href":"https:\/\/sites.ffkarate.fr\/yvelines78\/wp-json\/wp\/v2\/tags?post=2109"}],"curies":[{"name":"wp","href":"https:\/\/api.w.org\/{rel}","templated":true}]}}