{"id":2247,"date":"2017-10-13T00:44:02","date_gmt":"2017-10-12T22:44:02","guid":{"rendered":"https:\/\/sites.ffkarate.fr\/yvelines78\/?post_type=news&amp;p=2247"},"modified":"2017-10-13T00:44:02","modified_gmt":"2017-10-12T22:44:02","slug":"stage-arbitrage","status":"publish","type":"post","link":"https:\/\/sites.ffkarate.fr\/yvelines78\/2017\/10\/13\/stage-arbitrage\/","title":{"rendered":"Stage Arbitrage"},"content":{"rendered":"<div class=\"wpb-content-wrapper\"><p>[vc_row][vc_column][vc_column_text]<\/p>\n<p class=\"p1\"><strong>ARBITREZ DANS VOTRE D\u00c9PARTEMENT !<\/strong><\/p>\n<p class=\"p2\">Programme du stage :<\/p>\n<p class=\"p3\">Pr\u00e9sentation de la commission d\u2019arbitrage<br \/>\nMise en place de l\u2019\u00e9cole d\u2019arbitrage<br \/>\nNouveau r\u00e8glement 2017-2018<\/p>\n<p class=\"p4\">La pr\u00e9sence de tous les arbitres du CDK78, arbitres nationaux et arbitres stagiaires est conseill\u00e9e.<\/p>\n<p class=\"p5\"><span style=\"color: #008080\"><strong>Vous d\u00e9sirez arbitrer ? en savoir plus sur l&rsquo;arbitrage ? N&rsquo;h\u00e9sitez-pas \u00e0 participer \u00e0 ce stage !<\/strong><\/span><\/p>\n<p class=\"p1\">Lieu du stage : Dojo du Stade Aim\u00e9 Bergeal 37 Rue Louise Michel \u2013\u00a0<span class=\"s1\">78711 <\/span>Mantes-la-Ville.<\/p>\n<p class=\"p5\"><i>Attention ! Seuls les titulaires de la licence en cours peuvent b\u00e9n\u00e9ficier de ce stage,<br \/>\nUne Autorisation Parentale obligatoire sera demand\u00e9e pour les mineurs !<\/i><\/p>\n<p class=\"p5\"><strong><em><a href=\"https:\/\/sites.ffkarate.fr\/yvelines78\/wp-content\/uploads\/sites\/9\/2017\/10\/AfficheStageArbitrage-15Octobre2017-.pdf\">T\u00e9l\u00e9chargez l&rsquo;affiche<\/a><\/em><\/strong><\/p>\n<p>[\/vc_column_text][\/vc_column][\/vc_row]<\/p>\n<\/div>","protected":false},"excerpt":{"rendered":"<p>[vc_row][vc_column][vc_column_text] ARBITREZ DANS VOTRE D\u00c9PARTEMENT ! Programme du stage : Pr\u00e9sentation de la commission d\u2019arbitrage Mise en place de l\u2019\u00e9cole d\u2019arbitrage Nouveau r\u00e8glement 2017-2018 La pr\u00e9sence de tous les arbitres du CDK78, arbitres nationaux et arbitres stagiaires est conseill\u00e9e. Vous d\u00e9sirez arbitrer ? en savoir plus sur l&rsquo;arbitrage ? N&rsquo;h\u00e9sitez-pas \u00e0 participer \u00e0 ce stage [&hellip;]<\/p>\n","protected":false},"author":20,"featured_media":0,"comment_status":"closed","ping_status":"closed","sticky":false,"template":"","format":"standard","meta":{"footnotes":""},"categories":[1],"tags":[],"class_list":["post-2247","post","type-post","status-publish","format-standard","hentry","category-non-classe"],"_links":{"self":[{"href":"https:\/\/sites.ffkarate.fr\/yvelines78\/wp-json\/wp\/v2\/posts\/2247","targetHints":{"allow":["GET"]}}],"collection":[{"href":"https:\/\/sites.ffkarate.fr\/yvelines78\/wp-json\/wp\/v2\/posts"}],"about":[{"href":"https:\/\/sites.ffkarate.fr\/yvelines78\/wp-json\/wp\/v2\/types\/post"}],"author":[{"embeddable":true,"href":"https:\/\/sites.ffkarate.fr\/yvelines78\/wp-json\/wp\/v2\/users\/20"}],"replies":[{"embeddable":true,"href":"https:\/\/sites.ffkarate.fr\/yvelines78\/wp-json\/wp\/v2\/comments?post=2247"}],"version-history":[{"count":0,"href":"https:\/\/sites.ffkarate.fr\/yvelines78\/wp-json\/wp\/v2\/posts\/2247\/revisions"}],"wp:attachment":[{"href":"https:\/\/sites.ffkarate.fr\/yvelines78\/wp-json\/wp\/v2\/media?parent=2247"}],"wp:term":[{"taxonomy":"category","embeddable":true,"href":"https:\/\/sites.ffkarate.fr\/yvelines78\/wp-json\/wp\/v2\/categories?post=2247"},{"taxonomy":"post_tag","embeddable":true,"href":"https:\/\/sites.ffkarate.fr\/yvelines78\/wp-json\/wp\/v2\/tags?post=2247"}],"curies":[{"name":"wp","href":"https:\/\/api.w.org\/{rel}","templated":true}]}}