{"id":2267,"date":"2017-10-24T23:11:01","date_gmt":"2017-10-24T21:11:01","guid":{"rendered":"https:\/\/sites.ffkarate.fr\/yvelines78\/?post_type=news&amp;p=2267"},"modified":"2017-10-24T23:11:01","modified_gmt":"2017-10-24T21:11:01","slug":"8e-dan-m-gazzini-gerard","status":"publish","type":"post","link":"https:\/\/sites.ffkarate.fr\/yvelines78\/2017\/10\/24\/8e-dan-m-gazzini-gerard\/","title":{"rendered":"8e DAN | M. Gazzini G\u00e9rard"},"content":{"rendered":"<div class=\"wpb-content-wrapper\"><p>[vc_row][vc_column][vc_column_text]F\u00e9licitation \u00e0 M. Gazzini G\u00e9rard qui s&rsquo;est vu \u00e9lev\u00e9 au grade de 8e Dan par la CSDGE et son Pr\u00e9sident Francis Didier pour sa Technique, son Esprit et sa Qualit\u00e9 Humaine le 11 octobre dernier !<\/p>\n<p>&nbsp;[\/vc_column_text][\/vc_column][\/vc_row]<\/p>\n<\/div>","protected":false},"excerpt":{"rendered":"<p>[vc_row][vc_column][vc_column_text]F\u00e9licitation \u00e0 M. Gazzini G\u00e9rard qui s&rsquo;est vu \u00e9lev\u00e9 au grade de 8e Dan par la CSDGE et son Pr\u00e9sident Francis Didier pour sa Technique, son Esprit et sa Qualit\u00e9 Humaine le 11 octobre dernier ! &nbsp;[\/vc_column_text][\/vc_column][\/vc_row]<\/p>\n","protected":false},"author":20,"featured_media":0,"comment_status":"closed","ping_status":"closed","sticky":false,"template":"","format":"standard","meta":{"footnotes":""},"categories":[1],"tags":[],"class_list":["post-2267","post","type-post","status-publish","format-standard","hentry","category-non-classe"],"_links":{"self":[{"href":"https:\/\/sites.ffkarate.fr\/yvelines78\/wp-json\/wp\/v2\/posts\/2267","targetHints":{"allow":["GET"]}}],"collection":[{"href":"https:\/\/sites.ffkarate.fr\/yvelines78\/wp-json\/wp\/v2\/posts"}],"about":[{"href":"https:\/\/sites.ffkarate.fr\/yvelines78\/wp-json\/wp\/v2\/types\/post"}],"author":[{"embeddable":true,"href":"https:\/\/sites.ffkarate.fr\/yvelines78\/wp-json\/wp\/v2\/users\/20"}],"replies":[{"embeddable":true,"href":"https:\/\/sites.ffkarate.fr\/yvelines78\/wp-json\/wp\/v2\/comments?post=2267"}],"version-history":[{"count":0,"href":"https:\/\/sites.ffkarate.fr\/yvelines78\/wp-json\/wp\/v2\/posts\/2267\/revisions"}],"wp:attachment":[{"href":"https:\/\/sites.ffkarate.fr\/yvelines78\/wp-json\/wp\/v2\/media?parent=2267"}],"wp:term":[{"taxonomy":"category","embeddable":true,"href":"https:\/\/sites.ffkarate.fr\/yvelines78\/wp-json\/wp\/v2\/categories?post=2267"},{"taxonomy":"post_tag","embeddable":true,"href":"https:\/\/sites.ffkarate.fr\/yvelines78\/wp-json\/wp\/v2\/tags?post=2267"}],"curies":[{"name":"wp","href":"https:\/\/api.w.org\/{rel}","templated":true}]}}