{"id":2297,"date":"2017-10-31T22:00:46","date_gmt":"2017-10-31T21:00:46","guid":{"rendered":"https:\/\/sites.ffkarate.fr\/yvelines78\/?post_type=news&amp;p=2297"},"modified":"2017-10-31T22:00:46","modified_gmt":"2017-10-31T21:00:46","slug":"le-clube-ecam-de-chatou-se-mobilise","status":"publish","type":"post","link":"https:\/\/sites.ffkarate.fr\/yvelines78\/2017\/10\/31\/le-clube-ecam-de-chatou-se-mobilise\/","title":{"rendered":"Le club ECAM de Chatou se mobilise"},"content":{"rendered":"<div class=\"wpb-content-wrapper\"><p>[vc_row][vc_column][vc_column_text]<\/p>\n<div>Le Club Arts Martiaux de Chatou ECAM s&rsquo;est mobilis\u00e9 en organisant un\u00a0cours de Fit&rsquo;n Ta\u00ef ayant eu lieu le samedi 14 en faveur d&rsquo;Octobre Rose.\u00a0L&rsquo;\u00e9v\u00e9nement de self-d\u00e9fense pour la bonne cause a r\u00e9uni 30 personnes !<\/div>\n<div>\n<div>L&rsquo;ambiance \u00e9tait au rendez-vous !\u00a0Bravo au club pour son\u00a0action !<\/div>\n<div><\/div>\n<div><a href=\"https:\/\/sites.ffkarate.fr\/yvelines78\/wp-content\/uploads\/sites\/9\/2017\/11\/image1.jpg\"><img decoding=\"async\" class=\" size-full wp-image-2295 alignnone\" src=\"https:\/\/sites.ffkarate.fr\/yvelines78\/wp-content\/uploads\/sites\/9\/2017\/11\/image1.jpg\" alt=\"image1\" width=\"640\" height=\"428\" \/><\/a><a href=\"https:\/\/sites.ffkarate.fr\/yvelines78\/wp-content\/uploads\/sites\/9\/2017\/11\/IMG_65471.jpg\"><img decoding=\"async\" class=\"  wp-image-2296 alignnone\" src=\"https:\/\/sites.ffkarate.fr\/yvelines78\/wp-content\/uploads\/sites\/9\/2017\/11\/IMG_65471.jpg\" alt=\"IMG_65471\" width=\"641\" height=\"553\" \/><\/a><a href=\"https:\/\/sites.ffkarate.fr\/yvelines78\/wp-content\/uploads\/sites\/9\/2017\/11\/IMG_1283-S.jpg\"><img decoding=\"async\" class=\"  wp-image-2294 alignnone\" src=\"https:\/\/sites.ffkarate.fr\/yvelines78\/wp-content\/uploads\/sites\/9\/2017\/11\/IMG_1283-S.jpg\" alt=\"IMG_1283-S\" width=\"641\" height=\"427\" \/><\/a><a href=\"https:\/\/sites.ffkarate.fr\/yvelines78\/wp-content\/uploads\/sites\/9\/2017\/11\/IMG_1319-S.jpg\"><img decoding=\"async\" class=\"  wp-image-2293 alignnone\" src=\"https:\/\/sites.ffkarate.fr\/yvelines78\/wp-content\/uploads\/sites\/9\/2017\/11\/IMG_1319-S.jpg\" alt=\"IMG_1319-S\" width=\"641\" height=\"427\" \/><\/a><\/div>\n<\/div>\n<p>[\/vc_column_text][\/vc_column][\/vc_row]<\/p>\n<\/div>","protected":false},"excerpt":{"rendered":"<p>[vc_row][vc_column][vc_column_text] Le Club Arts Martiaux de Chatou ECAM s&rsquo;est mobilis\u00e9 en organisant un\u00a0cours de Fit&rsquo;n Ta\u00ef ayant eu lieu le samedi 14 en faveur d&rsquo;Octobre Rose.\u00a0L&rsquo;\u00e9v\u00e9nement de self-d\u00e9fense pour la bonne cause a r\u00e9uni 30 personnes ! L&rsquo;ambiance \u00e9tait au rendez-vous !\u00a0Bravo au club pour son\u00a0action ! [\/vc_column_text][\/vc_column][\/vc_row]<\/p>\n","protected":false},"author":20,"featured_media":0,"comment_status":"closed","ping_status":"closed","sticky":false,"template":"","format":"standard","meta":{"footnotes":""},"categories":[1],"tags":[],"class_list":["post-2297","post","type-post","status-publish","format-standard","hentry","category-non-classe"],"_links":{"self":[{"href":"https:\/\/sites.ffkarate.fr\/yvelines78\/wp-json\/wp\/v2\/posts\/2297","targetHints":{"allow":["GET"]}}],"collection":[{"href":"https:\/\/sites.ffkarate.fr\/yvelines78\/wp-json\/wp\/v2\/posts"}],"about":[{"href":"https:\/\/sites.ffkarate.fr\/yvelines78\/wp-json\/wp\/v2\/types\/post"}],"author":[{"embeddable":true,"href":"https:\/\/sites.ffkarate.fr\/yvelines78\/wp-json\/wp\/v2\/users\/20"}],"replies":[{"embeddable":true,"href":"https:\/\/sites.ffkarate.fr\/yvelines78\/wp-json\/wp\/v2\/comments?post=2297"}],"version-history":[{"count":0,"href":"https:\/\/sites.ffkarate.fr\/yvelines78\/wp-json\/wp\/v2\/posts\/2297\/revisions"}],"wp:attachment":[{"href":"https:\/\/sites.ffkarate.fr\/yvelines78\/wp-json\/wp\/v2\/media?parent=2297"}],"wp:term":[{"taxonomy":"category","embeddable":true,"href":"https:\/\/sites.ffkarate.fr\/yvelines78\/wp-json\/wp\/v2\/categories?post=2297"},{"taxonomy":"post_tag","embeddable":true,"href":"https:\/\/sites.ffkarate.fr\/yvelines78\/wp-json\/wp\/v2\/tags?post=2297"}],"curies":[{"name":"wp","href":"https:\/\/api.w.org\/{rel}","templated":true}]}}