{"id":2533,"date":"2018-03-22T00:26:45","date_gmt":"2018-03-21T23:26:45","guid":{"rendered":"https:\/\/sites.ffkarate.fr\/yvelines78\/?post_type=news&amp;p=2533"},"modified":"2018-03-22T00:26:45","modified_gmt":"2018-03-21T23:26:45","slug":"cnds","status":"publish","type":"post","link":"https:\/\/sites.ffkarate.fr\/yvelines78\/2018\/03\/22\/cnds\/","title":{"rendered":"CNDS"},"content":{"rendered":"<div class=\"wpb-content-wrapper\"><p>[vc_row][vc_column][vc_column_text]La plate-forme de demande de subvention en ligne, le compte asso, est ouverte. Vous la trouverez \u00e0 l&rsquo;adresse suivante\u00a0: <a href=\"http:\/\/www.associations.gouv.fr\/le-compte-asso.html\" target=\"_blank\" rel=\"noopener\">http:\/\/www.associations.gouv.fr\/le-compte-asso.html<\/a>.<\/p>\n<p><!--more--><\/p>\n<p>Vous trouverez ci-dessous le num\u00e9ro de fiche de subvention de la DDCS des Yvelines\u00a0:<\/p>\n<table style=\"height: 114px\" width=\"322\">\n<tbody>\n<tr>\n<td width=\"195\"><strong>Code service Instructeur<\/strong><\/td>\n<td width=\"132\"><strong>Code fiche<\/strong><\/td>\n<\/tr>\n<tr>\n<td width=\"195\">DD78<\/td>\n<td width=\"132\"><strong>147<\/strong><\/td>\n<\/tr>\n<\/tbody>\n<\/table>\n<p>Nous vous rappelons que la date de cl\u00f4ture de la campagne CNDS 2018 (date limite de d\u00e9p\u00f4t des dossiers) a \u00e9t\u00e9 report\u00e9e au <strong><u>LUNDI 09 AVRIL \u00e0 08h00.<\/u><\/strong><\/p>\n<p>Les\u00a0points d\u2019attention relatifs aux demandes de subvention effectu\u00e9es en ligne :<\/p>\n<ul>\n<li>Il est recommand\u00e9 via <a href=\"http:\/\/www.associations.gouv.fr\/le-compte-asso.html\" target=\"_blank\" rel=\"noopener\">http:\/\/www.associations.gouv.fr\/le-compte-asso.html<\/a> et via l\u2019assistance utilisateurs d\u2019essayer de se connecter, dans la mesure du possible, entre 12h et 14h ou apr\u00e8s 17h.<\/li>\n<\/ul>\n<ul>\n<li>Il est imp\u00e9ratif que l\u2019association s\u00e9lectionne le <strong>domaine \u00ab\u00a0sport\u00a0\u00bb<\/strong> dans sa fiche administrative,<\/li>\n<\/ul>\n<ul>\n<li>Le <strong>sous-type de financement ne pr\u00e9 remplit pas automatiquement la nature de l\u2019aide<\/strong>. L\u2019association pourra renseigner une \u00ab\u00a0nature de l\u2019aide\u00a0\u00bb diff\u00e9rente du \u00ab\u00a0sous-type de financement\u00a0\u00bb, ce qui rendra la demande de subvention incoh\u00e9rente,<\/li>\n<\/ul>\n<ul>\n<li>il est essentiel que les <strong>informations administratives de l\u2019association soient v\u00e9rifi\u00e9es et mises \u00e0 jour avant d\u2019effectuer la demande de subvention<\/strong>. Ceci inclut notamment le fait de d\u00e9clarer l\u2019association dans le domaine \u00ab\u00a0sport\u00a0\u00bb, de renseigner les f\u00e9d\u00e9rations d\u2019affiliation ainsi que les moyens humains. S\u2019agissant du champ \u00ab\u00a0moyens humains\u00a0\u00bb, sachez que la <strong>g\u00e9n\u00e9ration du PDF du formulaire CERFA<\/strong> (en fin de demande) n\u2019est possible que si ce champ (actuellement non obligatoire) est compl\u00e9t\u00e9 (un message d\u2019alerte a \u00e9t\u00e9 ajout\u00e9 en ce sens dans le premier \u00e9cran de la demande de subvention),<\/li>\n<\/ul>\n<ul>\n<li>Pour acc\u00e9der au Compte Asso, les dirigeants des associations loi 1901 doivent imp\u00e9rativement connaitre leur num\u00e9ro RNA et leur num\u00e9ro SIRET de leur association. S\u2019ils ne connaissent pas leur num\u00e9ro RNA de leur association, ou qu\u2019il n\u2019a pas \u00e9t\u00e9 attribu\u00e9, il est n\u00e9cessaire qu\u2019ils v\u00e9rifient aupr\u00e8s de leur greffe des associations.<\/li>\n<\/ul>\n<ul>\n<li>Compte tenu des red\u00e9marrages du serveur, <strong>il est fortement recommand\u00e9 aux associations d\u2019enregistrer tr\u00e8s r\u00e9guli\u00e8rement leur saisie dans le Compte Asso.<\/strong><\/li>\n<\/ul>\n<ul>\n<li>Veiller \u00e0 v\u00e9rifier que le navigateur internet utilis\u00e9 soit bien \u00e0 jour. Il est pr\u00e9conis\u00e9 d\u2019utiliser les navigateurs Chrome et Opera qui ne pr\u00e9sentent pas de difficult\u00e9. La derni\u00e8re version de Firefox Quantum pose probl\u00e8me pour visualiser le cerfa produit dans le navigateur. Internet Explorer est \u00e0 proscrire.<\/li>\n<\/ul>\n<p>Pour toutes questions techniques, vous pouvez envoyer un courriel \u00e0 l&rsquo;adresse : <a href=\"mailto:ddcs-sports@yvelines.gouv.fr\">ddcs-sports@yvelines.gouv.fr<\/a><\/p>\n<p>Cordialement<\/p>\n<p><em><a href=\"https:\/\/sites.ffkarate.fr\/yvelines78\/wp-content\/uploads\/sites\/9\/2018\/03\/guide_utilisateur_le_compte_asso.pdf\" target=\"_blank\" rel=\"noopener\">T\u00e9lechargez le guide utilisateur du compte Asso<\/a><\/em>[\/vc_column_text][\/vc_column][\/vc_row]<\/p>\n<\/div>","protected":false},"excerpt":{"rendered":"<p>[vc_row][vc_column][vc_column_text]La plate-forme de demande de subvention en ligne, le compte asso, est ouverte. Vous la trouverez \u00e0 l&rsquo;adresse suivante\u00a0: http:\/\/www.associations.gouv.fr\/le-compte-asso.html.<\/p>\n","protected":false},"author":20,"featured_media":0,"comment_status":"closed","ping_status":"closed","sticky":false,"template":"","format":"standard","meta":{"footnotes":""},"categories":[1],"tags":[],"class_list":["post-2533","post","type-post","status-publish","format-standard","hentry","category-non-classe"],"_links":{"self":[{"href":"https:\/\/sites.ffkarate.fr\/yvelines78\/wp-json\/wp\/v2\/posts\/2533","targetHints":{"allow":["GET"]}}],"collection":[{"href":"https:\/\/sites.ffkarate.fr\/yvelines78\/wp-json\/wp\/v2\/posts"}],"about":[{"href":"https:\/\/sites.ffkarate.fr\/yvelines78\/wp-json\/wp\/v2\/types\/post"}],"author":[{"embeddable":true,"href":"https:\/\/sites.ffkarate.fr\/yvelines78\/wp-json\/wp\/v2\/users\/20"}],"replies":[{"embeddable":true,"href":"https:\/\/sites.ffkarate.fr\/yvelines78\/wp-json\/wp\/v2\/comments?post=2533"}],"version-history":[{"count":0,"href":"https:\/\/sites.ffkarate.fr\/yvelines78\/wp-json\/wp\/v2\/posts\/2533\/revisions"}],"wp:attachment":[{"href":"https:\/\/sites.ffkarate.fr\/yvelines78\/wp-json\/wp\/v2\/media?parent=2533"}],"wp:term":[{"taxonomy":"category","embeddable":true,"href":"https:\/\/sites.ffkarate.fr\/yvelines78\/wp-json\/wp\/v2\/categories?post=2533"},{"taxonomy":"post_tag","embeddable":true,"href":"https:\/\/sites.ffkarate.fr\/yvelines78\/wp-json\/wp\/v2\/tags?post=2533"}],"curies":[{"name":"wp","href":"https:\/\/api.w.org\/{rel}","templated":true}]}}