{"id":2781,"date":"2018-10-23T22:12:24","date_gmt":"2018-10-23T20:12:24","guid":{"rendered":"https:\/\/sites.ffkarate.fr\/yvelines78\/?post_type=news&amp;p=2781"},"modified":"2018-10-23T22:12:24","modified_gmt":"2018-10-23T20:12:24","slug":"coupe-katakumite-senior-categorie-veteran","status":"publish","type":"post","link":"https:\/\/sites.ffkarate.fr\/yvelines78\/2018\/10\/23\/coupe-katakumite-senior-categorie-veteran\/","title":{"rendered":"Coupe Kata\/Kumit\u00e9 Senior cat\u00e9gorie V\u00e9t\u00e9ran"},"content":{"rendered":"<div class=\"wpb-content-wrapper\"><p>[vc_row][vc_column][vc_column_text]La coupe Kata\/Kumit\u00e9 Senior cat\u00e9gorie V\u00e9t\u00e9ran se d\u00e9roulera le dimanche 11 novembre \u00e0 Ecquevilly au Gymnase des Motelles.<\/p>\n<p><span style=\"color: #ff0000\"><strong>Attention, Nouveaux horaires !<\/strong><\/span><\/p>\n<p>Participation uniquement sur inscription !<\/p>\n<p>Engagement 3\u20ac\/comp\u00e9titeur \u00a0et 6\u20ac\/\u00e9quipe<\/p>\n<p><em><strong><a href=\"https:\/\/sites.ffkarate.fr\/yvelines78\/wp-content\/uploads\/sites\/9\/2018\/11\/CoupeKKVeteran_2018-New.jpg\" target=\"_blank\" rel=\"noopener\">T\u00e9l\u00e9chargez l&rsquo;affiche<\/a><\/strong><\/em><\/p>\n<p><em><strong><a href=\"https:\/\/sites.ffkarate.fr\/yvelines78\/wp-content\/uploads\/sites\/9\/2018\/10\/CoupeKKVeteran-2018-inscriptions.pdf\" target=\"_blank\" rel=\"noopener\">T\u00e9l\u00e9chargez les fiches de pr\u00e9-inscriptions<\/a><\/strong><\/em>[\/vc_column_text][\/vc_column][\/vc_row]<\/p>\n<\/div>","protected":false},"excerpt":{"rendered":"<p>[vc_row][vc_column][vc_column_text]La coupe Kata\/Kumit\u00e9 Senior cat\u00e9gorie V\u00e9t\u00e9ran se d\u00e9roulera le dimanche 11 novembre \u00e0 Ecquevilly au Gymnase des Motelles. Attention, Nouveaux horaires ! Participation uniquement sur inscription ! Engagement 3\u20ac\/comp\u00e9titeur \u00a0et 6\u20ac\/\u00e9quipe T\u00e9l\u00e9chargez l&rsquo;affiche T\u00e9l\u00e9chargez les fiches de pr\u00e9-inscriptions[\/vc_column_text][\/vc_column][\/vc_row]<\/p>\n","protected":false},"author":20,"featured_media":0,"comment_status":"closed","ping_status":"closed","sticky":false,"template":"","format":"standard","meta":{"footnotes":""},"categories":[1],"tags":[],"class_list":["post-2781","post","type-post","status-publish","format-standard","hentry","category-non-classe"],"_links":{"self":[{"href":"https:\/\/sites.ffkarate.fr\/yvelines78\/wp-json\/wp\/v2\/posts\/2781","targetHints":{"allow":["GET"]}}],"collection":[{"href":"https:\/\/sites.ffkarate.fr\/yvelines78\/wp-json\/wp\/v2\/posts"}],"about":[{"href":"https:\/\/sites.ffkarate.fr\/yvelines78\/wp-json\/wp\/v2\/types\/post"}],"author":[{"embeddable":true,"href":"https:\/\/sites.ffkarate.fr\/yvelines78\/wp-json\/wp\/v2\/users\/20"}],"replies":[{"embeddable":true,"href":"https:\/\/sites.ffkarate.fr\/yvelines78\/wp-json\/wp\/v2\/comments?post=2781"}],"version-history":[{"count":0,"href":"https:\/\/sites.ffkarate.fr\/yvelines78\/wp-json\/wp\/v2\/posts\/2781\/revisions"}],"wp:attachment":[{"href":"https:\/\/sites.ffkarate.fr\/yvelines78\/wp-json\/wp\/v2\/media?parent=2781"}],"wp:term":[{"taxonomy":"category","embeddable":true,"href":"https:\/\/sites.ffkarate.fr\/yvelines78\/wp-json\/wp\/v2\/categories?post=2781"},{"taxonomy":"post_tag","embeddable":true,"href":"https:\/\/sites.ffkarate.fr\/yvelines78\/wp-json\/wp\/v2\/tags?post=2781"}],"curies":[{"name":"wp","href":"https:\/\/api.w.org\/{rel}","templated":true}]}}