{"id":2823,"date":"2018-11-29T00:48:07","date_gmt":"2018-11-28T23:48:07","guid":{"rendered":"https:\/\/sites.ffkarate.fr\/yvelines78\/?post_type=news&amp;p=2823"},"modified":"2018-11-29T00:48:07","modified_gmt":"2018-11-28T23:48:07","slug":"stage-chouraqui","status":"publish","type":"post","link":"https:\/\/sites.ffkarate.fr\/yvelines78\/2018\/11\/29\/stage-chouraqui\/","title":{"rendered":"Stage Chouraqui"},"content":{"rendered":"<div class=\"wpb-content-wrapper\"><p>[vc_row][vc_column][vc_column_text]Dimanche 25 novembre dernier a eu lieu le stage d&rsquo;Expert f\u00e9d\u00e9ral Serge Chouraqui<\/p>\n<p>Plus de 100 stagiaires participaient \u00e0 ce stage\u00a0appr\u00e9ci\u00e9 de tous !<\/p>\n<p>Quelques photos du stages &#8230;<\/p>\n<p><!--more--><\/p>\n<p><a href=\"https:\/\/sites.ffkarate.fr\/yvelines78\/wp-content\/uploads\/sites\/9\/2018\/11\/chouraquiIMG_5222.jpg\"><img decoding=\"async\" class=\"  wp-image-2819 alignnone\" src=\"https:\/\/sites.ffkarate.fr\/yvelines78\/wp-content\/uploads\/sites\/9\/2018\/11\/chouraquiIMG_5222.jpg\" alt=\"chouraquiIMG_5222\" width=\"1361\" height=\"405\" \/><\/a><\/p>\n<p><a href=\"https:\/\/sites.ffkarate.fr\/yvelines78\/wp-content\/uploads\/sites\/9\/2018\/11\/chouraquiMG_5214.jpg\"><img decoding=\"async\" class=\"  wp-image-2821 alignnone\" src=\"https:\/\/sites.ffkarate.fr\/yvelines78\/wp-content\/uploads\/sites\/9\/2018\/11\/chouraquiMG_5214.jpg\" alt=\"chouraquiMG_5214\" width=\"1176\" height=\"633\" \/><\/a><\/p>\n<p>&nbsp;<\/p>\n<p><a href=\"https:\/\/sites.ffkarate.fr\/yvelines78\/wp-content\/uploads\/sites\/9\/2018\/11\/chouraquiIMG_5203.jpg\"><img decoding=\"async\" class=\"  wp-image-2818 alignnone\" src=\"https:\/\/sites.ffkarate.fr\/yvelines78\/wp-content\/uploads\/sites\/9\/2018\/11\/chouraquiIMG_5203.jpg\" alt=\"chouraquiIMG_5203\" width=\"1175\" height=\"881\" \/><\/a><\/p>\n<p>&nbsp;<\/p>\n<p>&nbsp;<\/p>\n<p><a href=\"https:\/\/sites.ffkarate.fr\/yvelines78\/wp-content\/uploads\/sites\/9\/2018\/11\/chouraquiMG_5225.jpg\"><img decoding=\"async\" class=\"  wp-image-2822 alignnone\" src=\"https:\/\/sites.ffkarate.fr\/yvelines78\/wp-content\/uploads\/sites\/9\/2018\/11\/chouraquiMG_5225.jpg\" alt=\"chouraquiMG_5225\" width=\"1173\" height=\"880\" \/><\/a><\/p>\n<p>&nbsp;<\/p>\n<p>&nbsp;<\/p>\n<p>&nbsp;[\/vc_column_text][\/vc_column][\/vc_row]<\/p>\n<\/div>","protected":false},"excerpt":{"rendered":"<p>[vc_row][vc_column][vc_column_text]Dimanche 25 novembre dernier a eu lieu le stage d&rsquo;Expert f\u00e9d\u00e9ral Serge Chouraqui Plus de 100 stagiaires participaient \u00e0 ce stage\u00a0appr\u00e9ci\u00e9 de tous ! Quelques photos du stages &#8230;<\/p>\n","protected":false},"author":20,"featured_media":2824,"comment_status":"closed","ping_status":"closed","sticky":false,"template":"","format":"standard","meta":{"footnotes":""},"categories":[1],"tags":[],"class_list":["post-2823","post","type-post","status-publish","format-standard","hentry","category-non-classe"],"_links":{"self":[{"href":"https:\/\/sites.ffkarate.fr\/yvelines78\/wp-json\/wp\/v2\/posts\/2823","targetHints":{"allow":["GET"]}}],"collection":[{"href":"https:\/\/sites.ffkarate.fr\/yvelines78\/wp-json\/wp\/v2\/posts"}],"about":[{"href":"https:\/\/sites.ffkarate.fr\/yvelines78\/wp-json\/wp\/v2\/types\/post"}],"author":[{"embeddable":true,"href":"https:\/\/sites.ffkarate.fr\/yvelines78\/wp-json\/wp\/v2\/users\/20"}],"replies":[{"embeddable":true,"href":"https:\/\/sites.ffkarate.fr\/yvelines78\/wp-json\/wp\/v2\/comments?post=2823"}],"version-history":[{"count":0,"href":"https:\/\/sites.ffkarate.fr\/yvelines78\/wp-json\/wp\/v2\/posts\/2823\/revisions"}],"wp:featuredmedia":[{"embeddable":true,"href":"https:\/\/sites.ffkarate.fr\/yvelines78\/wp-json\/wp\/v2\/media\/2824"}],"wp:attachment":[{"href":"https:\/\/sites.ffkarate.fr\/yvelines78\/wp-json\/wp\/v2\/media?parent=2823"}],"wp:term":[{"taxonomy":"category","embeddable":true,"href":"https:\/\/sites.ffkarate.fr\/yvelines78\/wp-json\/wp\/v2\/categories?post=2823"},{"taxonomy":"post_tag","embeddable":true,"href":"https:\/\/sites.ffkarate.fr\/yvelines78\/wp-json\/wp\/v2\/tags?post=2823"}],"curies":[{"name":"wp","href":"https:\/\/api.w.org\/{rel}","templated":true}]}}