{"id":2906,"date":"2019-02-15T23:44:17","date_gmt":"2019-02-15T22:44:17","guid":{"rendered":"https:\/\/sites.ffkarate.fr\/yvelines78\/?post_type=news&amp;p=2906"},"modified":"2019-02-15T23:44:17","modified_gmt":"2019-02-15T22:44:17","slug":"chp-france-krav-maga","status":"publish","type":"post","link":"https:\/\/sites.ffkarate.fr\/yvelines78\/2019\/02\/15\/chp-france-krav-maga\/","title":{"rendered":"CHP FRANCE KRAV MAGA"},"content":{"rendered":"<div class=\"wpb-content-wrapper\"><p>[vc_row][vc_column][vc_column_text]<\/p>\n<div class=\"\">Le Championnat de France de Krav Maga s\u2019est d\u00e9roul\u00e9 \u00e0 Coubertin le dimanche 11 f\u00e9vrier.<\/div>\n<div class=\"\">Le club de Chatou est revenu avec la 3e\u00a0place, obtenue par Nils BONDE et Clement LOUIS en cat\u00e9gorie Open, la cat\u00e9gorie qui a r\u00e9unie les athl\u00e8tes de tous niveaux (ceintures de couleurs\u00a0et\u00a0noires, hommes, femmes, mixte et de tous les \u00e2ges) venus de toute la France.<\/div>\n<div class=\"\">F\u00e9licitations \u00e0\u00a0Nils et Clement (16 et 17 ans), n&rsquo;ont pas h\u00e9sit\u00e9 \u00e0 se\u00a0pr\u00e9senter face aux Champions France, Champions de Monde et d\u2019Europe !<\/div>\n<p><!--more--><a href=\"https:\/\/sites.ffkarate.fr\/yvelines78\/wp-content\/uploads\/sites\/9\/2019\/02\/CHP-FR-KRAVMAGANils-louis.jpeg\"><img decoding=\"async\" class=\"  wp-image-2905 alignnone\" src=\"https:\/\/sites.ffkarate.fr\/yvelines78\/wp-content\/uploads\/sites\/9\/2019\/02\/CHP-FR-KRAVMAGANils-louis.jpeg\" alt=\"CHP-FR-KRAVMAGANils-louis\" width=\"706\" height=\"941\" \/><\/a><\/p>\n<p>&nbsp;<\/p>\n<p><a href=\"https:\/\/sites.ffkarate.fr\/yvelines78\/wp-content\/uploads\/sites\/9\/2019\/02\/CHP-FR-KRAVMAGAnils-louis2.jpeg\"><img decoding=\"async\" class=\"alignleft  wp-image-2904\" src=\"https:\/\/sites.ffkarate.fr\/yvelines78\/wp-content\/uploads\/sites\/9\/2019\/02\/CHP-FR-KRAVMAGAnils-louis2.jpeg\" alt=\"CHP-FR-KRAVMAGAnils-louis2\" width=\"889\" height=\"667\" \/><\/a>[\/vc_column_text][\/vc_column][\/vc_row]<\/p>\n<\/div>","protected":false},"excerpt":{"rendered":"<p>[vc_row][vc_column][vc_column_text] Le Championnat de France de Krav Maga s\u2019est d\u00e9roul\u00e9 \u00e0 Coubertin le dimanche 11 f\u00e9vrier. Le club de Chatou est revenu avec la 3e\u00a0place, obtenue par Nils BONDE et Clement LOUIS en cat\u00e9gorie Open, la cat\u00e9gorie qui a r\u00e9unie les athl\u00e8tes de tous niveaux (ceintures de couleurs\u00a0et\u00a0noires, hommes, femmes, mixte et de tous les [&hellip;]<\/p>\n","protected":false},"author":20,"featured_media":0,"comment_status":"closed","ping_status":"closed","sticky":false,"template":"","format":"standard","meta":{"footnotes":""},"categories":[1],"tags":[],"class_list":["post-2906","post","type-post","status-publish","format-standard","hentry","category-non-classe"],"_links":{"self":[{"href":"https:\/\/sites.ffkarate.fr\/yvelines78\/wp-json\/wp\/v2\/posts\/2906","targetHints":{"allow":["GET"]}}],"collection":[{"href":"https:\/\/sites.ffkarate.fr\/yvelines78\/wp-json\/wp\/v2\/posts"}],"about":[{"href":"https:\/\/sites.ffkarate.fr\/yvelines78\/wp-json\/wp\/v2\/types\/post"}],"author":[{"embeddable":true,"href":"https:\/\/sites.ffkarate.fr\/yvelines78\/wp-json\/wp\/v2\/users\/20"}],"replies":[{"embeddable":true,"href":"https:\/\/sites.ffkarate.fr\/yvelines78\/wp-json\/wp\/v2\/comments?post=2906"}],"version-history":[{"count":0,"href":"https:\/\/sites.ffkarate.fr\/yvelines78\/wp-json\/wp\/v2\/posts\/2906\/revisions"}],"wp:attachment":[{"href":"https:\/\/sites.ffkarate.fr\/yvelines78\/wp-json\/wp\/v2\/media?parent=2906"}],"wp:term":[{"taxonomy":"category","embeddable":true,"href":"https:\/\/sites.ffkarate.fr\/yvelines78\/wp-json\/wp\/v2\/categories?post=2906"},{"taxonomy":"post_tag","embeddable":true,"href":"https:\/\/sites.ffkarate.fr\/yvelines78\/wp-json\/wp\/v2\/tags?post=2906"}],"curies":[{"name":"wp","href":"https:\/\/api.w.org\/{rel}","templated":true}]}}