{"id":2973,"date":"2019-04-02T00:59:58","date_gmt":"2019-04-01T22:59:58","guid":{"rendered":"https:\/\/sites.ffkarate.fr\/yvelines78\/?post_type=news&amp;p=2973"},"modified":"2019-04-02T00:59:58","modified_gmt":"2019-04-01T22:59:58","slug":"stage-informatif-karate-2","status":"publish","type":"post","link":"https:\/\/sites.ffkarate.fr\/yvelines78\/2019\/04\/02\/stage-informatif-karate-2\/","title":{"rendered":"Stage informatif Karat\u00e9"},"content":{"rendered":"<div class=\"wpb-content-wrapper\"><p>[vc_row][vc_column][vc_column_text]Le 12\u00a0mai prochain aura lieu le stage informatif Karat\u00e9 au Gymnase Intercommunal du Mesnil Saint-Denis 78320.<\/p>\n<p>Horaires :<br \/>\n8h45 \u00e0 10h30 pour les professeurs et juges<br \/>\n10h15 \u00e0 12h \u00a0pour les candidats \u00e0 l\u2019examen des grades du 1<sup>er<\/sup> au 4<sup>e<\/sup> Dan,<\/p>\n<p><!--more--><\/p>\n<p>Pour suivre ce stage, merci de compl\u00e9ter la fiche d\u2019inscription, et la renvoyer par email avant le 26\u00a0avril 2019 \u00e0 <a href=\"mailto:karate@orange.fr\">yvelines.karate@numericable.fr<\/a><\/p>\n<p><em><a href=\"https:\/\/sites.ffkarate.fr\/yvelines78\/wp-content\/uploads\/sites\/9\/2019\/04\/StageInformatif2019-05.docx\">T\u00e9l\u00e9chargez la fiche d&rsquo;inscription en Word<\/a><br \/>\n<a href=\"https:\/\/sites.ffkarate.fr\/yvelines78\/wp-content\/uploads\/sites\/9\/2019\/04\/StageInformatif2019-05.pdf\" target=\"_blank\" rel=\"noopener\">T\u00e9l\u00e9chargez la fiche d&rsquo;inscription en pdf<\/a><\/em>[\/vc_column_text][\/vc_column][\/vc_row]<\/p>\n<\/div>","protected":false},"excerpt":{"rendered":"<p>[vc_row][vc_column][vc_column_text]Le 12\u00a0mai prochain aura lieu le stage informatif Karat\u00e9 au Gymnase Intercommunal du Mesnil Saint-Denis 78320. Horaires : 8h45 \u00e0 10h30 pour les professeurs et juges 10h15 \u00e0 12h \u00a0pour les candidats \u00e0 l\u2019examen des grades du 1er au 4e Dan,<\/p>\n","protected":false},"author":20,"featured_media":0,"comment_status":"closed","ping_status":"closed","sticky":false,"template":"","format":"standard","meta":{"footnotes":""},"categories":[1],"tags":[],"class_list":["post-2973","post","type-post","status-publish","format-standard","hentry","category-non-classe"],"_links":{"self":[{"href":"https:\/\/sites.ffkarate.fr\/yvelines78\/wp-json\/wp\/v2\/posts\/2973","targetHints":{"allow":["GET"]}}],"collection":[{"href":"https:\/\/sites.ffkarate.fr\/yvelines78\/wp-json\/wp\/v2\/posts"}],"about":[{"href":"https:\/\/sites.ffkarate.fr\/yvelines78\/wp-json\/wp\/v2\/types\/post"}],"author":[{"embeddable":true,"href":"https:\/\/sites.ffkarate.fr\/yvelines78\/wp-json\/wp\/v2\/users\/20"}],"replies":[{"embeddable":true,"href":"https:\/\/sites.ffkarate.fr\/yvelines78\/wp-json\/wp\/v2\/comments?post=2973"}],"version-history":[{"count":0,"href":"https:\/\/sites.ffkarate.fr\/yvelines78\/wp-json\/wp\/v2\/posts\/2973\/revisions"}],"wp:attachment":[{"href":"https:\/\/sites.ffkarate.fr\/yvelines78\/wp-json\/wp\/v2\/media?parent=2973"}],"wp:term":[{"taxonomy":"category","embeddable":true,"href":"https:\/\/sites.ffkarate.fr\/yvelines78\/wp-json\/wp\/v2\/categories?post=2973"},{"taxonomy":"post_tag","embeddable":true,"href":"https:\/\/sites.ffkarate.fr\/yvelines78\/wp-json\/wp\/v2\/tags?post=2973"}],"curies":[{"name":"wp","href":"https:\/\/api.w.org\/{rel}","templated":true}]}}