{"id":2989,"date":"2019-04-12T01:28:12","date_gmt":"2019-04-11T23:28:12","guid":{"rendered":"https:\/\/sites.ffkarate.fr\/yvelines78\/?post_type=news&amp;p=2989"},"modified":"2019-04-12T01:28:12","modified_gmt":"2019-04-11T23:28:12","slug":"chp-de-france-kata","status":"publish","type":"post","link":"https:\/\/sites.ffkarate.fr\/yvelines78\/2019\/04\/12\/chp-de-france-kata\/","title":{"rendered":"CHP DE FRANCE KATA MCJS"},"content":{"rendered":"<div class=\"wpb-content-wrapper\"><p>[vc_row][vc_column][vc_column_text]Lors du Championnat de France Kata MCJS au\u00a0Palais des Sports Saint-Sauveur, le 06-04-2019, Belkir Mous et Haron Weiss ont fait honneur \u00e0 leur Club, le Houdan Karat\u00e9 Do Club et au d\u00e9partement en s&#8217;emparant de la premi\u00e8re place du podium cat\u00e9gorie Cadet pour Haron Weiss,\u00a0Belkir Mous, se placera 5e de la cat\u00e9gorie Junior.<\/p>\n<p>Bravo aux comp\u00e9titeurs, au club et aux professeurs ; Jessica Hugues et Romain Lacoste !<\/p>\n<p><!--more--><\/p>\n<p><a href=\"https:\/\/sites.ffkarate.fr\/yvelines78\/wp-content\/uploads\/sites\/9\/2019\/04\/CHPKata2019-1.jpeg\"><img decoding=\"async\" class=\"  wp-image-2990 alignnone\" src=\"https:\/\/sites.ffkarate.fr\/yvelines78\/wp-content\/uploads\/sites\/9\/2019\/04\/CHPKata2019-1.jpeg\" alt=\"CHPKata2019-1\" width=\"474\" height=\"316\" \/><\/a>\u00a0<a href=\"https:\/\/sites.ffkarate.fr\/yvelines78\/wp-content\/uploads\/sites\/9\/2019\/04\/CHPKata2019-2.jpeg\"><img decoding=\"async\" class=\"  wp-image-2991 alignnone\" src=\"https:\/\/sites.ffkarate.fr\/yvelines78\/wp-content\/uploads\/sites\/9\/2019\/04\/CHPKata2019-2.jpeg\" alt=\"CHPKata2019-2\" width=\"473\" height=\"315\" \/><\/a><\/p>\n<p>&nbsp;<\/p>\n<p><a href=\"https:\/\/sites.ffkarate.fr\/yvelines78\/wp-content\/uploads\/sites\/9\/2019\/04\/CHPKata2019-6.jpg\"><img decoding=\"async\" class=\"  wp-image-2994 alignnone\" src=\"https:\/\/sites.ffkarate.fr\/yvelines78\/wp-content\/uploads\/sites\/9\/2019\/04\/CHPKata2019-6.jpg\" alt=\"CHPKata2019-6\" width=\"297\" height=\"434\" \/><\/a>[\/vc_column_text][\/vc_column][\/vc_row]<\/p>\n<\/div>","protected":false},"excerpt":{"rendered":"<p>[vc_row][vc_column][vc_column_text]Lors du Championnat de France Kata MCJS au\u00a0Palais des Sports Saint-Sauveur, le 06-04-2019, Belkir Mous et Haron Weiss ont fait honneur \u00e0 leur Club, le Houdan Karat\u00e9 Do Club et au d\u00e9partement en s&#8217;emparant de la premi\u00e8re place du podium cat\u00e9gorie Cadet pour Haron Weiss,\u00a0Belkir Mous, se placera 5e de la cat\u00e9gorie Junior. Bravo aux [&hellip;]<\/p>\n","protected":false},"author":20,"featured_media":2992,"comment_status":"closed","ping_status":"closed","sticky":false,"template":"","format":"standard","meta":{"footnotes":""},"categories":[1],"tags":[],"class_list":["post-2989","post","type-post","status-publish","format-standard","hentry","category-non-classe"],"_links":{"self":[{"href":"https:\/\/sites.ffkarate.fr\/yvelines78\/wp-json\/wp\/v2\/posts\/2989","targetHints":{"allow":["GET"]}}],"collection":[{"href":"https:\/\/sites.ffkarate.fr\/yvelines78\/wp-json\/wp\/v2\/posts"}],"about":[{"href":"https:\/\/sites.ffkarate.fr\/yvelines78\/wp-json\/wp\/v2\/types\/post"}],"author":[{"embeddable":true,"href":"https:\/\/sites.ffkarate.fr\/yvelines78\/wp-json\/wp\/v2\/users\/20"}],"replies":[{"embeddable":true,"href":"https:\/\/sites.ffkarate.fr\/yvelines78\/wp-json\/wp\/v2\/comments?post=2989"}],"version-history":[{"count":0,"href":"https:\/\/sites.ffkarate.fr\/yvelines78\/wp-json\/wp\/v2\/posts\/2989\/revisions"}],"wp:featuredmedia":[{"embeddable":true,"href":"https:\/\/sites.ffkarate.fr\/yvelines78\/wp-json\/wp\/v2\/media\/2992"}],"wp:attachment":[{"href":"https:\/\/sites.ffkarate.fr\/yvelines78\/wp-json\/wp\/v2\/media?parent=2989"}],"wp:term":[{"taxonomy":"category","embeddable":true,"href":"https:\/\/sites.ffkarate.fr\/yvelines78\/wp-json\/wp\/v2\/categories?post=2989"},{"taxonomy":"post_tag","embeddable":true,"href":"https:\/\/sites.ffkarate.fr\/yvelines78\/wp-json\/wp\/v2\/tags?post=2989"}],"curies":[{"name":"wp","href":"https:\/\/api.w.org\/{rel}","templated":true}]}}