{"id":3011,"date":"2019-04-23T00:23:13","date_gmt":"2019-04-22T22:23:13","guid":{"rendered":"https:\/\/sites.ffkarate.fr\/yvelines78\/?post_type=news&amp;p=3011"},"modified":"2019-04-23T00:23:13","modified_gmt":"2019-04-22T22:23:13","slug":"cdos","status":"publish","type":"post","link":"https:\/\/sites.ffkarate.fr\/yvelines78\/2019\/04\/23\/cdos\/","title":{"rendered":"CDOS | C\u00e9r\u00e9monie des \u00e9clats olympiques"},"content":{"rendered":"<div class=\"wpb-content-wrapper\"><p>[vc_row][vc_column][vc_column_text]Le 22 mars dernier, lors de la c\u00e9r\u00e9monie des \u00e9clats olympiques, le Comit\u00e9 D\u00e9partemental Olympique et Sportif des Yvelines a mis \u00e0 l&rsquo;honneur deux club des Yvelines ; Le Chesnay et Houdan en r\u00e9compensant\u00a0Aron WEISS d&rsquo;un \u00ab\u00a0Troph\u00e9e bronze\u00a0\u00bb dans la cat\u00e9gorie\u00a0Athl\u00e8tes Espoirs, pour le Club de Houdan et d&rsquo;un \u00ab\u00a0Dipl\u00f4me d&rsquo;Honneur\u00a0\u00bb pour l&rsquo;\u00e9quipe\u00a0Homme du\u00a0club du Chesnay.<\/p>\n<p><!--more--><\/p>\n<p><a href=\"https:\/\/sites.ffkarate.fr\/yvelines78\/wp-content\/uploads\/sites\/9\/2019\/04\/IMG-20190322-WA0019.jpg\"><img decoding=\"async\" class=\"  wp-image-3014 alignnone\" src=\"https:\/\/sites.ffkarate.fr\/yvelines78\/wp-content\/uploads\/sites\/9\/2019\/04\/IMG-20190322-WA0019.jpg\" alt=\"IMG-20190322-WA0019\" width=\"942\" height=\"706\" \/><\/a><\/p>\n<p>&nbsp;<\/p>\n<p><a href=\"https:\/\/sites.ffkarate.fr\/yvelines78\/wp-content\/uploads\/sites\/9\/2019\/04\/HKDo-olympiade2019.jpg\"><img decoding=\"async\" class=\"  wp-image-3012 alignnone\" src=\"https:\/\/sites.ffkarate.fr\/yvelines78\/wp-content\/uploads\/sites\/9\/2019\/04\/HKDo-olympiade2019.jpg\" alt=\"HKDo-olympiade2019\" width=\"313\" height=\"445\" \/><\/a>\u00a0<a href=\"https:\/\/sites.ffkarate.fr\/yvelines78\/wp-content\/uploads\/sites\/9\/2019\/04\/IMG-20190322-WA0023.jpg\"><img decoding=\"async\" class=\"alignleft  wp-image-3015\" src=\"https:\/\/sites.ffkarate.fr\/yvelines78\/wp-content\/uploads\/sites\/9\/2019\/04\/IMG-20190322-WA0023.jpg\" alt=\"IMG-20190322-WA0023\" width=\"332\" height=\"444\" \/><\/a><\/p>\n<p>&nbsp;<\/p>\n<p>&nbsp;<\/p>\n<p>&nbsp;<\/p>\n<p>&nbsp;[\/vc_column_text][\/vc_column][\/vc_row]<\/p>\n<\/div>","protected":false},"excerpt":{"rendered":"<p>[vc_row][vc_column][vc_column_text]Le 22 mars dernier, lors de la c\u00e9r\u00e9monie des \u00e9clats olympiques, le Comit\u00e9 D\u00e9partemental Olympique et Sportif des Yvelines a mis \u00e0 l&rsquo;honneur deux club des Yvelines ; Le Chesnay et Houdan en r\u00e9compensant\u00a0Aron WEISS d&rsquo;un \u00ab\u00a0Troph\u00e9e bronze\u00a0\u00bb dans la cat\u00e9gorie\u00a0Athl\u00e8tes Espoirs, pour le Club de Houdan et d&rsquo;un \u00ab\u00a0Dipl\u00f4me d&rsquo;Honneur\u00a0\u00bb pour l&rsquo;\u00e9quipe\u00a0Homme du\u00a0club du [&hellip;]<\/p>\n","protected":false},"author":20,"featured_media":0,"comment_status":"closed","ping_status":"closed","sticky":false,"template":"","format":"standard","meta":{"footnotes":""},"categories":[1],"tags":[],"class_list":["post-3011","post","type-post","status-publish","format-standard","hentry","category-non-classe"],"_links":{"self":[{"href":"https:\/\/sites.ffkarate.fr\/yvelines78\/wp-json\/wp\/v2\/posts\/3011","targetHints":{"allow":["GET"]}}],"collection":[{"href":"https:\/\/sites.ffkarate.fr\/yvelines78\/wp-json\/wp\/v2\/posts"}],"about":[{"href":"https:\/\/sites.ffkarate.fr\/yvelines78\/wp-json\/wp\/v2\/types\/post"}],"author":[{"embeddable":true,"href":"https:\/\/sites.ffkarate.fr\/yvelines78\/wp-json\/wp\/v2\/users\/20"}],"replies":[{"embeddable":true,"href":"https:\/\/sites.ffkarate.fr\/yvelines78\/wp-json\/wp\/v2\/comments?post=3011"}],"version-history":[{"count":0,"href":"https:\/\/sites.ffkarate.fr\/yvelines78\/wp-json\/wp\/v2\/posts\/3011\/revisions"}],"wp:attachment":[{"href":"https:\/\/sites.ffkarate.fr\/yvelines78\/wp-json\/wp\/v2\/media?parent=3011"}],"wp:term":[{"taxonomy":"category","embeddable":true,"href":"https:\/\/sites.ffkarate.fr\/yvelines78\/wp-json\/wp\/v2\/categories?post=3011"},{"taxonomy":"post_tag","embeddable":true,"href":"https:\/\/sites.ffkarate.fr\/yvelines78\/wp-json\/wp\/v2\/tags?post=3011"}],"curies":[{"name":"wp","href":"https:\/\/api.w.org\/{rel}","templated":true}]}}