{"id":3030,"date":"2019-05-07T00:35:45","date_gmt":"2019-05-06T22:35:45","guid":{"rendered":"https:\/\/sites.ffkarate.fr\/yvelines78\/?post_type=news&amp;p=3030"},"modified":"2019-05-07T00:35:45","modified_gmt":"2019-05-06T22:35:45","slug":"coupe-de-france-kata-pupille","status":"publish","type":"post","link":"https:\/\/sites.ffkarate.fr\/yvelines78\/2019\/05\/07\/coupe-de-france-kata-pupille\/","title":{"rendered":"Coupe de France Kata Pupille"},"content":{"rendered":"<div class=\"wpb-content-wrapper\"><p>[vc_row][vc_column][vc_column_text]<\/p>\n<div>La Coupe de France Kata Pupille s&rsquo;est d\u00e9roul\u00e9 Samedi 04 mai dernier \u00e0 Saint Quentin o\u00f9 s&rsquo;est illustr\u00e9e Racha Benslimane du Karat\u00e9 Club de\u00a0Buchelay en remportant la coupe de France Kata Pupille 1 !<\/div>\n<div>F\u00e9licitations Racha Benslimane et \u00e0 ses professeurs \u00a0Joel et Billy Signavong du Karat\u00e9 Club de Buchelay qui ont fait honneur au d\u00e9partement !<\/div>\n<div><!--more--><\/div>\n<div><\/div>\n<div><a href=\"https:\/\/sites.ffkarate.fr\/yvelines78\/wp-content\/uploads\/sites\/9\/2019\/05\/KATAPUPILLE-BUCHELAY-2019.jpg\"><img decoding=\"async\" class=\"  wp-image-3031 alignnone\" src=\"https:\/\/sites.ffkarate.fr\/yvelines78\/wp-content\/uploads\/sites\/9\/2019\/05\/KATAPUPILLE-BUCHELAY-2019.jpg\" alt=\"KATAPUPILLE-BUCHELAY-2019\" width=\"347\" height=\"515\" \/><\/a><\/div>\n<div><em>Racha Benslimane accompagn\u00e9e de ses professeurs Joel et Billy Signavong<\/em><\/div>\n<div><\/div>\n<p>[\/vc_column_text][\/vc_column][\/vc_row]<\/p>\n<\/div>","protected":false},"excerpt":{"rendered":"<p>[vc_row][vc_column][vc_column_text] La Coupe de France Kata Pupille s&rsquo;est d\u00e9roul\u00e9 Samedi 04 mai dernier \u00e0 Saint Quentin o\u00f9 s&rsquo;est illustr\u00e9e Racha Benslimane du Karat\u00e9 Club de\u00a0Buchelay en remportant la coupe de France Kata Pupille 1 ! F\u00e9licitations Racha Benslimane et \u00e0 ses professeurs \u00a0Joel et Billy Signavong du Karat\u00e9 Club de Buchelay qui ont fait honneur [&hellip;]<\/p>\n","protected":false},"author":20,"featured_media":3031,"comment_status":"closed","ping_status":"closed","sticky":false,"template":"","format":"standard","meta":{"footnotes":""},"categories":[1],"tags":[],"class_list":["post-3030","post","type-post","status-publish","format-standard","hentry","category-non-classe"],"_links":{"self":[{"href":"https:\/\/sites.ffkarate.fr\/yvelines78\/wp-json\/wp\/v2\/posts\/3030","targetHints":{"allow":["GET"]}}],"collection":[{"href":"https:\/\/sites.ffkarate.fr\/yvelines78\/wp-json\/wp\/v2\/posts"}],"about":[{"href":"https:\/\/sites.ffkarate.fr\/yvelines78\/wp-json\/wp\/v2\/types\/post"}],"author":[{"embeddable":true,"href":"https:\/\/sites.ffkarate.fr\/yvelines78\/wp-json\/wp\/v2\/users\/20"}],"replies":[{"embeddable":true,"href":"https:\/\/sites.ffkarate.fr\/yvelines78\/wp-json\/wp\/v2\/comments?post=3030"}],"version-history":[{"count":0,"href":"https:\/\/sites.ffkarate.fr\/yvelines78\/wp-json\/wp\/v2\/posts\/3030\/revisions"}],"wp:featuredmedia":[{"embeddable":true,"href":"https:\/\/sites.ffkarate.fr\/yvelines78\/wp-json\/wp\/v2\/media\/3031"}],"wp:attachment":[{"href":"https:\/\/sites.ffkarate.fr\/yvelines78\/wp-json\/wp\/v2\/media?parent=3030"}],"wp:term":[{"taxonomy":"category","embeddable":true,"href":"https:\/\/sites.ffkarate.fr\/yvelines78\/wp-json\/wp\/v2\/categories?post=3030"},{"taxonomy":"post_tag","embeddable":true,"href":"https:\/\/sites.ffkarate.fr\/yvelines78\/wp-json\/wp\/v2\/tags?post=3030"}],"curies":[{"name":"wp","href":"https:\/\/api.w.org\/{rel}","templated":true}]}}